{"id":120579,"date":"2019-09-26T09:45:49","date_gmt":"2019-09-26T12:45:49","guid":{"rendered":"http:\/\/www.caririemacao.com\/1\/?p=120579"},"modified":"2019-09-26T09:45:49","modified_gmt":"2019-09-26T12:45:49","slug":"festival-de-rock-eleva-para-78-ocupacao-hoteleira-do-rio","status":"publish","type":"post","link":"https:\/\/www.caririemacao.com\/1\/2019\/09\/26\/festival-de-rock-eleva-para-78-ocupacao-hoteleira-do-rio\/","title":{"rendered":"Festival de rock eleva para 78% ocupa\u00e7\u00e3o hoteleira do Rio"},"content":{"rendered":"\n<p>De acordo com uma pesquisa divulgada nessa semana pelo Sindicato dos Meios de Hospedagens do Munic\u00edpio do Rio de Janeiro (Hot\u00e9is Rio), 78% dos quartos da rede hoteleira do Rio de Janeiro j\u00e1 est\u00e3o ocupados para a primeira semana do Rock in Rio e 84% para a segunda semana. A maioria dos turistas \u00e9 de estados brasileiros, com destaque para S\u00e3o Paulo, Minas Gerais e Bahia. Entre o p\u00fablico estrangeiro, o maior volume de reservas est\u00e1 sendo realizado por norte-americanos, argentinos e franceses.<\/p>\n\n\n\n<p>O levantamento mostra ainda que a ocupa\u00e7\u00e3o vai superar a registrada na \u00faltima edi\u00e7\u00e3o do Rock in Rio, ocorrida em 2017. Os dados atuais revelam que os quartos reservados para a primeira semana s\u00e3o 4% superiores aos quartos ocupados h\u00e1 dois anos. A maior procura nesse per\u00edodo tem sido pelos bairros de Ipanema e Leblon. J\u00e1 para a segunda semana, h\u00e1 2,5% mais reservas do que o total de quartos preenchidos em 2017 e as buscas s\u00e3o mais intensas nos bairros Flamengo, Botafogo, Barra da Tijuca, S\u00e3o Conrado, Ipanema e Leblon.<\/p>\n\n\n\n<figure class=\"wp-block-image\"><img decoding=\"async\" data-src=\"http:\/\/imagens.ebc.com.br\/W1NPt2wvIUDQGFcdhwzL83jMPFo=\/365x0\/smart\/http:\/\/agenciabrasil.ebc.com.br\/sites\/default\/files\/thumbnails\/image\/tomaz_silva_agencia_brasil.jpg?itok=qZPdmTcg\" alt=\"Cristo Redentor RJ\nTomaz Silva\/Ag\u00eancia Brasil\" src=\"data:image\/svg+xml;base64,PHN2ZyB3aWR0aD0iMSIgaGVpZ2h0PSIxIiB4bWxucz0iaHR0cDovL3d3dy53My5vcmcvMjAwMC9zdmciPjwvc3ZnPg==\" class=\"lazyload\" \/><\/figure>\n\n\n\n<p>Turistas aproveitam para visitar Cristo Redentor &#8211;&nbsp;<strong>Ag\u00eancia Brasil\/ Tomaz Silva<\/strong><\/p>\n\n\n\n<p>Com algumas novidades, o Rock in Rio ocorrer\u00e1 entre 27 e 29 de setembro e entre 3 e 6 de outubro. S\u00e3o 250 shows e entre as atra\u00e7\u00f5es internacionais est\u00e3o Foo Fighters, Bon Jovi, Red Hot Chili Peppers, P!nk, Black Eyed Peas, Iron Maiden e Scorpions. Artistas e bandas brasileiras como Anitta, Elza Soares, Mano Brown, Emicida, Os Paralamas do Sucesso e Capital Inicial tamb\u00e9m sobem aos palcos (ver a programa\u00e7\u00e3o ao final da mat\u00e9ria). O ingresso para cada um dos sete dias do evento custa R$ 525. H\u00e1 meia-entrada assegurada aos grupos definidos em legisla\u00e7\u00e3o, como estudantes e idosos. Para alguns dias, os bilhetes j\u00e1 est\u00e3o esgotados.<\/p>\n\n\n\n<p>O Rock in Rio acontecer\u00e1 na Cidade do Rock que foi montada no Parque Ol\u00edmpico, no bairro Barra da Tijuca, na zona oeste do Rio de Janeiro. A primeira novidade est\u00e1 relacionada com a \u00e1rea do evento, que ter\u00e1 385 mil metros quadrados. S\u00e3o 60 mil metros quadrados a mais do que em 2017. Al\u00e9m disso, foram criadas seis novas \u00e1reas: o Espa\u00e7o Favela, New Dance Order, Nave, Fuerza Bruta, Rota 85 e Supernova, totalizando 17 ambientes. Para assegurar o funcionamento de toda esta estrutura, estar\u00e3o operando 32 geradores de energia, totalizando 6.985 quilovolt-amperes (kVAs).<\/p>\n\n\n\n<p>Os organizadores esperam um p\u00fablico de 100 mil pessoas por dia, totalizando 700 mil ao todo. A prefeitura estima que o evento pode injetar R$ 1,7 bilh\u00e3o na economia do munic\u00edpio. Na \u00faltima edi\u00e7\u00e3o, conforme uma estimativa feita pela Funda\u00e7\u00e3o Get\u00falio Vargas (FGV), foi movimentado R$1,4 bilh\u00e3o. O levantamento revelou que 65% do p\u00fablico veio de fora do Rio de Janeiro.<\/p>\n\n\n\n<p>Nos dias do evento, a abertura dos port\u00f5es est\u00e1 marcada para 14h. O hor\u00e1rio limite para entrada \u00e9 1h da manh\u00e3. As principais atra\u00e7\u00f5es ocorrem no Palco Sunset e no Palco Mundo. No primeiro dia, os shows no Palco Sunset come\u00e7am \u00e0s 15h15. Nos demais dias, as apresenta\u00e7\u00f5es ter\u00e3o in\u00edcio \u00e0s 15h30. J\u00e1 no Palco Mundo, a primeira banda se apresenta sempre \u00e0s 18h. Toda a programa\u00e7\u00e3o \u00e9 encerrada \u00e0s 4h da manh\u00e3.<\/p>\n\n\n\n<p>A Companhia Municipal de Limpeza Urbana (Comlurb), estatal vinculada \u00e0 prefeitura do Rio, anunciou um esquema especial de limpeza. O p\u00fablico ter\u00e1 dispon\u00edvel 2,1 mil cont\u00eaineres para descarte de res\u00edduos recicl\u00e1veis e org\u00e2nicos. Os materiais recicl\u00e1veis ser\u00e3o separados para serem encaminhados \u00e0s cooperativas e os res\u00edduos org\u00e2nicos ser\u00e3o tratados e transformados em adubo. Foram destacados 945 garis para a \u00e1rea interna da Cidade do Rock e 120 na parte externa. Esses 1.065 garis se revezar\u00e3o em tr\u00eas turnos. O trabalho de limpeza tamb\u00e9m ser\u00e1 feito com caminh\u00f5es coletores, caminh\u00f5es-pipa e caminh\u00f5es-varredeira, entre outros equipamentos.<\/p>\n\n\n\n<p>O Minist\u00e9rio P\u00fablico do Trabalho (MPT-RJ), a Defensoria P\u00fablica da Uni\u00e3o e a Defensoria P\u00fablica do Rio de Janeiro chegaram a emitir uma recomenda\u00e7\u00e3o \u00e0 organiza\u00e7\u00e3o do Rock In Rio para contrata\u00e7\u00e3o de cooperativas e associa\u00e7\u00f5es de catadores de baixa renda na coleta seletiva durante o evento. A medida teria o objetivo de assegurar o cumprimento de legisla\u00e7\u00f5es vigentes.<\/p>\n\n\n\n<p>De acordo com as tr\u00eas institui\u00e7\u00f5es, o evento \u00e9 grande gerador de res\u00edduos s\u00f3lidos e a n\u00e3o inclus\u00e3o dos catadores contraria tanto a Pol\u00edtica Nacional de Res\u00edduos S\u00f3lidos, institu\u00edda pela Lei Federal 12.305\/2010, quanto a Lei Complementar Municipal n\u00b0 204\/2019, sancionada em junho deste ano. Ainda n\u00e3o houve resposta oficial dos organizadores do Rock in Rio.<\/p>\n\n\n\n<h2 class=\"wp-block-heading\">Acesso<\/h2>\n\n\n\n<p>Para chegar \u00e0 Cidade do Rock, uma op\u00e7\u00e3o \u00e9 se antecipar e adquirir ao custo de R$100 o servi\u00e7o de ida e volta pelo Transporte Primeira Classe. Os usu\u00e1rios poder\u00e3o escolher um dos 17 pontos de embarque no Rio de Janeiro, Petr\u00f3polis e Niteroi e far\u00e3o o trajeto sem paradas em um \u00f4nibus executivo. Eles ter\u00e3o ainda uma entrada exclusiva para o evento.<\/p>\n\n\n\n<p>Pessoas que saem dos estados de S\u00e3o Paulo e Minas Gerais t\u00eam a op\u00e7\u00e3o de usarem o Bus Up que v\u00e3o operar de maneira similar ao Transporte Primeira Classe. Os valores variam conforme a cidade e, na plataforma do<a href=\"http:\/\/rockinrio.com\/rio\/pt-BR\/informacoes\" target=\"_blank\" rel=\"noreferrer noopener\">&nbsp;Rock in Rio<\/a>, \u00e9 poss\u00edvel propor novas rotas. Os grupos que fretarem&nbsp;<a href=\"https:\/\/projectclient.rockinrio.com\/onibus\" target=\"_blank\" rel=\"noreferrer noopener\">\u00f4nibus<\/a>&nbsp;por conta pr\u00f3pria podem reservar vagas no estacionamento oficial.<\/p>\n\n\n\n<p>As ruas no entorno da Cidade do Rock estar\u00e3o bloqueadas e apenas moradores e ve\u00edculos credenciados ter\u00e3o acesso a elas. Por esta raz\u00e3o, aqueles que optaram pelo deslocamento por meio de t\u00e1xis ou ve\u00edculos de aplicativos precisar\u00e3o desembarcar mais distantes do port\u00e3o de entrada. A Uber, por ser parceira do evento, ter\u00e1 uma vantagem: um espa\u00e7o exclusivo para embarque e desembarque.<\/p>\n\n\n\n<p>H\u00e1 ainda a possibilidade de chegar \u00e0 Cidade do Rock de transporte p\u00fablico. O metr\u00f4 e o BRT funcionar\u00e3o 24 horas nos dias do evento. Quem optar pelo metr\u00f4, precisar\u00e1 desembarcar na esta\u00e7\u00e3o Jardim Oce\u00e2nico e fazer a integra\u00e7\u00e3o com o BRT para complementar o trajeto.<\/p>\n\n\n\n<h2 class=\"wp-block-heading\">Programa\u00e7\u00e3o de alguns dos espa\u00e7os:<\/h2>\n\n\n\n<p><strong>1\u00ba DIA &#8211; 27\/09 [SEXTA-FEIRA]<\/strong><\/p>\n\n\n\n<p>&#8211; Palco Mundo<br>18h05 | Alok &#8211; 18h<br>20h10 | Bebe Rexha<br>22h20 | Ellie Goulding<br>00h10 | Drake<\/p>\n\n\n\n<p>&#8211; Palco Sunset<br>15h15 | Lell\u00ea &amp; Blaya<br>16h55 | Karol Conka convida Linn da Quebrada e Gloria Groove<br>19h05 | Mano Brown &amp; Bootsy Collins<br>21h15 | Seal convida Xenia Fran\u00e7a<\/p>\n\n\n\n<p>&#8211; New Dance Order<br>16h00 | Rara DJs<br>17h30 | L_cio<br>19h00 | Eli Iwasa<br>20h30 | Leo Janeiro e Albuquerque<br>22h00 | Gui Boratto<br>23h00 | Nic Fanciulli<br>00h30 | Roland Leesker x Bruce Leroys<br>02h00 | The Martinez Brothers<\/p>\n\n\n\n<p>&#8211; Espa\u00e7o Favela<br>14h50 | N\u00f3s do Morro<br>16h00 | Abronca<br>17h30 | N\u00f3s do Morro<br>18h40 | Gabz<br>20h10 | Heavy Baile com MC Carol &amp; Tati Quebra Barraco<br>21h40 | N\u00f3s do Morro<\/p>\n\n\n\n<p>&#8211; Palco Supernova<br>15h30 | A Banca 021<br>16h30 | Org\u00e2nico<br>17h30 | Haikaiss<br>18h30 | Cacife Clandestino<br>19h30 | Oriente<\/p>\n\n\n\n<p><strong>2\u00ba DIA &#8211; 28\/09 [S\u00c1BADO]<\/strong><\/p>\n\n\n\n<p>&#8211; Palco Mundo<br>18h00 | CPM 22 + Raimundos<br>20h10 | Tenacious D<br>22h20 | Weezer<br>00h10 | Foo Fighters<\/p>\n\n\n\n<p>&#8211; Palco Sunset<br>15h30 | Ego Kill Talent<br>16h55 | Detonautas &amp; Pavilh\u00e3o 9<br>19h05 | Tit\u00e3s convidam Ana Ca\u00f1as, Edi Rock &amp; \u00c9rika Martins<br>21h15 | Whitesnake<\/p>\n\n\n\n<p>&#8211; New Dance Order<br>16h00 | Van Breda<br>17h00 | Kamala<br>19h00 | Barja<br>20h00 | Dubdogz<br>21h00 | KVSH<br>22h30 | Diego Miranda<br>00h00 | Kura<br>01h30 | Cic<br>02h30 | Nervo<\/p>\n\n\n\n<p>&#8211; Espa\u00e7o Favela<br>14h50 | N\u00f3s do Morro<br>16h00 | Setor Bronx<br>17h30 | N\u00f3s do Morro<br>18h40 | Batalha de Slam<br>20h10 | Orquestra Mar\u00e9 do Amanh\u00e3 apresenta Rock Symphony<\/p>\n\n\n\n<p>&#8211; Palco Supernova<br>15h30 | Bullet Bane<br>16h30 | Dona Cislene<br>17h30 | Ponto Nulo do C\u00e9u<br>18h30 | Maglore<br>19h30 | Vivendo do \u00d3cio<\/p>\n\n\n\n<p><strong>3\u00ba DIA &#8211; 29\/09 [DOMINGO]<\/strong><\/p>\n\n\n\n<p>&#8211; Palco Mundo<br>18h00 | Ivete Sangalo<br>20h10 | Goo Goo Dolls<br>22h20 | Dave Matthews Band<br>00h25 | Bon Jovi<\/p>\n\n\n\n<p>&#8211; Palco Sunset<br>15h30 | Plut\u00e3o J\u00e1 Foi Planeta &amp; Mahmundi<br>16h55 | Elza Soares convida As Bahias e A Cozinha Mineira , Kell Smith e J\u00e9ssica Ellen<br>19h05 | Iza &amp; Alcione<br>21h15 | Jessie J<\/p>\n\n\n\n<p>&#8211; New Dance Order<br>16h00 | Evokings<br>17h00 | J\u00d8RD<br>18h00 | Illusionize<br>20h00 | Bhaskar<br>21h00 | Dashdot feat. Ashibah<br>22h30 | Bruno Be<br>00h30 | Volkoder<br>02h00 | Vintage Culture<\/p>\n\n\n\n<p>&#8211; Espa\u00e7o Favela<br>14h50 | N\u00f3s do Morro<br>16h00 | Dudu de Morro Agudo<br>17h30 | N\u00f3s do Morro<br>18h40 | Mal\u00eda<br>20h10 | BK&#8217;<br>21h40 | N\u00f3s do Morro<\/p>\n\n\n\n<p>&#8211; Palco Supernova<br>15h30 | Jade Baraldo<br>16h30 | Dvicio<br>17h30 | Lali<br>18h30 | 3030<br>19h30 | Gabriel Elias<\/p>\n\n\n\n<p><strong>4\u00ba DIA &#8211; 3\/10 [QUINTA-FEIRA]<\/strong><\/p>\n\n\n\n<p>&#8211; Palco Mundo<br>18h00 | Capital Inicial<br>20h10 | Nile Rodgers &amp; Chic<br>22h20 | Panic! at the Disco<br>00h10 | Red Hot Chili Peppers<\/p>\n\n\n\n<p>&#8211; Palco Sunset<br>15h30 | Francisco, el Hombre &amp; Monsieur Perin\u00e9<br>16h55 | Par\u00e1 Pop com Dona Onete , Faf\u00e1 de Bel\u00e9m, Gaby Amarantos, Jaloo e Lucas Estrela<br>19h05 | Emicida &amp; Ibeyi<br>21h15 | Hip Hop Hurricane com Nova Orquestra, Rael, Agir, Baco Exu do Blues &amp; Rincon Sapi\u00eancia<\/p>\n\n\n\n<p>&#8211; New Dance Order<br>16h00 | Breaking Beatzz<br>17h00 | Beow\u00fclf<br>18h00 | Liu<br>19h00 | Gustavo Mota<br>20h00 | Felguk<br>21h00 | Cat Dealers<br>23h00 | Bruno Martini<br>00h30 | Make U Sweat<br>02h30 | Robin Schulz<\/p>\n\n\n\n<p>&#8211; Espa\u00e7o Favela<br>14h50 | N\u00f3s do Morro<br>16h00 | Dughettu<br>17h30 | N\u00f3s do Morro<br>18h40 | P-tr\u00f3leo<br>20h10 | Roda de samba A Festa da Ra\u00e7a<br>21h40 | N\u00f3s do Morro<\/p>\n\n\n\n<p>&#8211; Palco Supernova<br>15h30 | Lupa<br>16h30 | Menores Atos<br>17h30 | Big Up<br>18h30 | Braza<br>19h30 | Bula<\/p>\n\n\n\n<p><strong>5\u00ba DIA &#8211; 4\/10 [SEXTA-FEIRA]<\/strong><\/p>\n\n\n\n<p>&#8211; Palco Mundo<br>17h30 | Sepultura<br>19h30 | Helloween<br>21h30 | Iron Maiden<br>00h05 | Scorpions<\/p>\n\n\n\n<p>&#8211; Palco Sunset<br>15h00 | Nervosa<br>16h25 | Torture Squad &amp; Claustrofobia convidam Chuck Billy (Testament)<br>18h30 | Anthrax<br>20h30 | Slayer<\/p>\n\n\n\n<p>&#8211; New Dance Order<br>16h00 | Morttagua<br>17h00 | Roger Lyra<br>18h00 | Gareth Emery<br>20h00 | Claudinho Brasil<br>21h00 | Devochka<br>22h00 | Mandragora<br>23h00 | Infected Mushroom<br>00h00 | Vegas<br>01h30 | Wrecked Machines<br>03h00 | Vini Vici<\/p>\n\n\n\n<p>&#8211; Espa\u00e7o Favela<br>14h50 | N\u00f3s do Morro<br>16h00 | BK-81<br>17h30 | N\u00f3s do Morro<br>18h40 | Agona<br>20h10 | Canto Cego<br>21h40 | N\u00f3s do Morro<\/p>\n\n\n\n<p>&#8211; Palco Supernova<br>15h30 | Fire Strike<br>16h30 | Jimmy &amp; Rats<br>17h30 | Eminence<br>18h30 | Noturnall<br>19h30 | Armored Dawn<\/p>\n\n\n\n<p><strong>6\u00ba DIA &#8211; 5\/10 [S\u00c1BADO]<\/strong><\/p>\n\n\n\n<p>&#8211; Palco Mundo<br>18h00 | Anitta<br>20h10 | H.E.R.<br>22h20 | Black Eyed Peas<br>00h10 | P!nk<\/p>\n\n\n\n<p>&#8211; Palco Sunset<br>15h30 | Funk Orquestra com Ludmilla, Fernanda Abreu, Buchecha &amp; Kevinho<br>16h55 | Projota &amp; Vit\u00e3o &amp; Giulia Be<br>19h05 | Anavit\u00f3ria &amp; Saulo<br>21h15 | Charlie Puth<\/p>\n\n\n\n<p>&#8211; New Dance Order<br>16h00 | Baile do Saddam (Saddam &amp; Zedoroque)<br>17h30 | Rodrigo S<br>18h30 | Scorsi<br>19h30 | 2FAb<br>20h30 | Tropkillaz<br>22h00 | DJ Meme x DJ Marlboro<br>23h15 | Jetlag<br>00h30 | Shapeless<br>01h30 | Santti<br>02h30 | Alesso<\/p>\n\n\n\n<p>&#8211; Espa\u00e7o Favela<br>14h50 | N\u00f3s do Morro<br>16h00 | Lucas Hawkin<br>17h30 | N\u00f3s do Morro<br>18h40 | Jonathan Ferr<br>20h10 | Cidinho &amp; Doca<br>21h40 | N\u00f3s do Morro<\/p>\n\n\n\n<p>&#8211; Palco Supernova<br>15h30 | Dani Vellocet<br>16h30 | T\u00e1ssia Reis<br>17h30 | MARIA<br>18h30 | Ana Gabriela<br>19h30 | Mariana Nolasco<\/p>\n\n\n\n<p><strong>7\u00ba DIA &#8211; 6\/10 [DOMINGO]<\/strong><\/p>\n\n\n\n<p>&#8211; Palco Mundo<br>18h00 | Os Paralamas do Sucesso<br>20h10 | Nickelback<br>22h20 | Imagine Dragons<br>00h40 | Muse<\/p>\n\n\n\n<p>&#8211; Palco Sunset<br>15h30 | O Terno &amp; Capit\u00e3o Fausto<br>16h55 | Melim &amp; Carolina Deslandes<br>19h05 | Lulu Santos &amp; Silva<br>21h15 | King Crimson<\/p>\n\n\n\n<p>&#8211; New Dance Order<br>16h00 | Maz<br>17h00 | Blancah<br>18h00 | Nepal<br>19h00 | Chemical Surf<br>20h30 | Kolombo<br>21h30 | Fractall &amp; Rocksted<br>22h30 | Dennis Ferrer<br>00h30 | Flow &amp; Zeo feat. Mari-Anna<br>01h30 | Gabe<br>02h30 | Claptone<\/p>\n\n\n\n<p>&#8211; Espa\u00e7o Favela<br>14h50 | N\u00f3s do Morro<br>16h00 | Tuany Zanini<br>17h30 | N\u00f3s do Morro<br>18h40 | Xam\u00e3<br>20h10 | Delacruz &amp; MARIA<br>21h40 | N\u00f3s do Morro<\/p>\n\n\n\n<p>&#8211; Palco Supernova<br>15h30 | Folks<br>16h30 | Andr\u00e9 Prando<br>17h30 | Zimbra<br>18h30 | Selvagens \u00e0 Procura de Lei<br>19h30 | Lagum<\/p>\n","protected":false},"excerpt":{"rendered":"<p>De acordo com uma pesquisa divulgada nessa semana pelo Sindicato dos Meios de Hospedagens do Munic\u00edpio do Rio de Janeiro (Hot\u00e9is Rio), 78% dos quartos&hellip; <\/p>\n","protected":false},"author":1,"featured_media":120581,"comment_status":"closed","ping_status":"closed","sticky":false,"template":"","format":"standard","meta":{"sfsi_plus_gutenberg_text_before_share":"","sfsi_plus_gutenberg_show_text_before_share":"","sfsi_plus_gutenberg_icon_type":"","sfsi_plus_gutenberg_icon_alignemt":"","sfsi_plus_gutenburg_max_per_row":"","footnotes":""},"categories":[2],"tags":[],"class_list":["post-120579","post","type-post","status-publish","format-standard","has-post-thumbnail","hentry","category-geral"],"_links":{"self":[{"href":"https:\/\/www.caririemacao.com\/1\/wp-json\/wp\/v2\/posts\/120579","targetHints":{"allow":["GET"]}}],"collection":[{"href":"https:\/\/www.caririemacao.com\/1\/wp-json\/wp\/v2\/posts"}],"about":[{"href":"https:\/\/www.caririemacao.com\/1\/wp-json\/wp\/v2\/types\/post"}],"author":[{"embeddable":true,"href":"https:\/\/www.caririemacao.com\/1\/wp-json\/wp\/v2\/users\/1"}],"replies":[{"embeddable":true,"href":"https:\/\/www.caririemacao.com\/1\/wp-json\/wp\/v2\/comments?post=120579"}],"version-history":[{"count":1,"href":"https:\/\/www.caririemacao.com\/1\/wp-json\/wp\/v2\/posts\/120579\/revisions"}],"predecessor-version":[{"id":120582,"href":"https:\/\/www.caririemacao.com\/1\/wp-json\/wp\/v2\/posts\/120579\/revisions\/120582"}],"wp:featuredmedia":[{"embeddable":true,"href":"https:\/\/www.caririemacao.com\/1\/wp-json\/wp\/v2\/media\/120581"}],"wp:attachment":[{"href":"https:\/\/www.caririemacao.com\/1\/wp-json\/wp\/v2\/media?parent=120579"}],"wp:term":[{"taxonomy":"category","embeddable":true,"href":"https:\/\/www.caririemacao.com\/1\/wp-json\/wp\/v2\/categories?post=120579"},{"taxonomy":"post_tag","embeddable":true,"href":"https:\/\/www.caririemacao.com\/1\/wp-json\/wp\/v2\/tags?post=120579"}],"curies":[{"name":"wp","href":"https:\/\/api.w.org\/{rel}","templated":true}]}}