{"id":120628,"date":"2019-09-26T12:43:07","date_gmt":"2019-09-26T15:43:07","guid":{"rendered":"http:\/\/www.caririemacao.com\/1\/?p=120628"},"modified":"2019-09-26T12:47:06","modified_gmt":"2019-09-26T15:47:06","slug":"policia-deflagra-operacao-covil-no-cariri","status":"publish","type":"post","link":"https:\/\/www.caririemacao.com\/1\/2019\/09\/26\/policia-deflagra-operacao-covil-no-cariri\/","title":{"rendered":"Pol\u00edcia deflagra &#8220;Opera\u00e7\u00e3o Covil&#8221; no Cariri"},"content":{"rendered":"\n<p>Uma opera\u00e7\u00e3o intitulada &#8220;Opera\u00e7\u00e3o Covil&#8221; foi\ndeflagrada na madrugada desta quinta-feira (26) na cidade de S\u00e3o Jo\u00e3o do\nCariri. A opera\u00e7\u00e3o contou com agentes da Pol\u00edcia Civil e Policiais Militares,\nonde o objetivo foi dar cumprimento \u00e0 mandados de busca e apreens\u00e3o, bem como a\nrecapturar foragidos da justi\u00e7a e coibir a a\u00e7\u00e3o de traficantes de drogas na\nregi\u00e3o.<\/p>\n\n\n\n<p>A a\u00e7\u00e3o d\u00e1 continuidade ao trabalho entre as pol\u00edcias Civil e Militar, as quais tem desenvolvido uma parceria no combate ao tr\u00e1fico de drogas na regi\u00e3o do Cariri paraibano, assim como na preven\u00e7\u00e3o de outros crimes vinculados ao tr\u00e1fico.<\/p>\n\n\n\n<p>A opera\u00e7\u00e3o visou dar cumprimento aos mandados expedidos pela justi\u00e7a, mas os foragidos n\u00e3o foram localizados.<\/p>\n","protected":false},"excerpt":{"rendered":"<p>Uma opera\u00e7\u00e3o intitulada &#8220;Opera\u00e7\u00e3o Covil&#8221; foi deflagrada na madrugada desta quinta-feira (26) na cidade de S\u00e3o Jo\u00e3o do Cariri. A opera\u00e7\u00e3o contou com agentes da&hellip; <\/p>\n","protected":false},"author":2,"featured_media":120629,"comment_status":"closed","ping_status":"closed","sticky":false,"template":"","format":"standard","meta":{"sfsi_plus_gutenberg_text_before_share":"","sfsi_plus_gutenberg_show_text_before_share":"","sfsi_plus_gutenberg_icon_type":"","sfsi_plus_gutenberg_icon_alignemt":"","sfsi_plus_gutenburg_max_per_row":"","footnotes":""},"categories":[50,12],"tags":[],"class_list":["post-120628","post","type-post","status-publish","format-standard","has-post-thumbnail","hentry","category-destaque","category-policia"],"_links":{"self":[{"href":"https:\/\/www.caririemacao.com\/1\/wp-json\/wp\/v2\/posts\/120628","targetHints":{"allow":["GET"]}}],"collection":[{"href":"https:\/\/www.caririemacao.com\/1\/wp-json\/wp\/v2\/posts"}],"about":[{"href":"https:\/\/www.caririemacao.com\/1\/wp-json\/wp\/v2\/types\/post"}],"author":[{"embeddable":true,"href":"https:\/\/www.caririemacao.com\/1\/wp-json\/wp\/v2\/users\/2"}],"replies":[{"embeddable":true,"href":"https:\/\/www.caririemacao.com\/1\/wp-json\/wp\/v2\/comments?post=120628"}],"version-history":[{"count":2,"href":"https:\/\/www.caririemacao.com\/1\/wp-json\/wp\/v2\/posts\/120628\/revisions"}],"predecessor-version":[{"id":120631,"href":"https:\/\/www.caririemacao.com\/1\/wp-json\/wp\/v2\/posts\/120628\/revisions\/120631"}],"wp:featuredmedia":[{"embeddable":true,"href":"https:\/\/www.caririemacao.com\/1\/wp-json\/wp\/v2\/media\/120629"}],"wp:attachment":[{"href":"https:\/\/www.caririemacao.com\/1\/wp-json\/wp\/v2\/media?parent=120628"}],"wp:term":[{"taxonomy":"category","embeddable":true,"href":"https:\/\/www.caririemacao.com\/1\/wp-json\/wp\/v2\/categories?post=120628"},{"taxonomy":"post_tag","embeddable":true,"href":"https:\/\/www.caririemacao.com\/1\/wp-json\/wp\/v2\/tags?post=120628"}],"curies":[{"name":"wp","href":"https:\/\/api.w.org\/{rel}","templated":true}]}}