{"id":120640,"date":"2019-09-26T13:04:24","date_gmt":"2019-09-26T16:04:24","guid":{"rendered":"http:\/\/www.caririemacao.com\/1\/?p=120640"},"modified":"2019-09-26T13:04:24","modified_gmt":"2019-09-26T16:04:24","slug":"sume-encerra-campanha-do-setembro-amarelo-com-palestra-para-servidores-e-a-populacao-em-geral","status":"publish","type":"post","link":"https:\/\/www.caririemacao.com\/1\/2019\/09\/26\/sume-encerra-campanha-do-setembro-amarelo-com-palestra-para-servidores-e-a-populacao-em-geral\/","title":{"rendered":"Sum\u00e9 encerra campanha do \u201cSetembro Amarelo\u201d com palestra para servidores e a popula\u00e7\u00e3o em geral"},"content":{"rendered":"\n<p>Esta\u00e7\u00e3o Novos Rumos, em parceria com a Secretaria de Sa\u00fade de Sum\u00e9, encerrou a Campanha do Setembro Amarelo \u2013 m\u00eas de preven\u00e7\u00e3o ao suic\u00eddio com a palestra: \u201cCombater estigmas \u00e9 salvar vidas, ministrada pelo m\u00e9dico psiquiatra do munic\u00edpio, Tiago Andrade. O evento ocorreu nessa quarta-feira, (25), no audit\u00f3rio da Secretaria Municipal de Educa\u00e7\u00e3o.<\/p>\n\n\n\n<p>Durante todo m\u00eas de setembro, v\u00e1rias atividades relacionadas ao tema foram desenvolvidas na comunidade, a exemplo de palestras nas escolas com profissionais de sa\u00fade, panfletagem na feira livre da cidade, piquenique amarelo no projeto Sum\u00e9 com Flores para os usu\u00e1rios do CAPS e pedal pela cidade com o apoio do grupo de ciclistas Pedala Sum\u00e9.<\/p>\n\n\n\n<p>De acordo com a coordenadora do CAPS, Lorena Marques, a resposta da sociedade, durante esse m\u00eas, em rela\u00e7\u00e3o \u00e0s demandas apresentadas pelo Centro, foram muito positivas. Lorena disse que pretende continuar com as a\u00e7\u00f5es durante todo ano, dado que essa bandeira da preven\u00e7\u00e3o ao suic\u00eddio n\u00e3o se restringe apenas a um m\u00eas espec\u00edfico. Ela ainda agradeceu o engajamento de toda a equipe e a popula\u00e7\u00e3o sumeense com a quest\u00e3o da preven\u00e7\u00e3o ao suic\u00eddio. \u201cContar com o apoio da sociedade em rela\u00e7\u00e3o a esse assunto no momento em que o n\u00famero de mortes por suic\u00eddios no Brasil e no mundo s\u00f3 aumenta a cada ano, \u00e9 muito importante\u201d, destacou.<\/p>\n\n\n\n<figure class=\"wp-block-image\"><a href=\"http:\/\/www.sume.pb.gov.br\/wp-content\/uploads\/2019\/09\/IMG_7394.jpg\"><img decoding=\"async\" data-src=\"http:\/\/www.sume.pb.gov.br\/wp-content\/uploads\/2019\/09\/IMG_7394-300x200.jpg\" alt=\"\" src=\"data:image\/svg+xml;base64,PHN2ZyB3aWR0aD0iMSIgaGVpZ2h0PSIxIiB4bWxucz0iaHR0cDovL3d3dy53My5vcmcvMjAwMC9zdmciPjwvc3ZnPg==\" class=\"lazyload\" style=\"--smush-placeholder-width: 300px; --smush-placeholder-aspect-ratio: 300\/200;\" \/><\/a><\/figure>\n\n\n\n<figure class=\"wp-block-image\"><a href=\"http:\/\/www.sume.pb.gov.br\/wp-content\/uploads\/2019\/09\/IMG_7409.jpg\"><img decoding=\"async\" data-src=\"http:\/\/www.sume.pb.gov.br\/wp-content\/uploads\/2019\/09\/IMG_7409-300x200.jpg\" alt=\"\" src=\"data:image\/svg+xml;base64,PHN2ZyB3aWR0aD0iMSIgaGVpZ2h0PSIxIiB4bWxucz0iaHR0cDovL3d3dy53My5vcmcvMjAwMC9zdmciPjwvc3ZnPg==\" class=\"lazyload\" style=\"--smush-placeholder-width: 300px; --smush-placeholder-aspect-ratio: 300\/200;\" \/><\/a><\/figure>\n\n\n\n<figure class=\"wp-block-image\"><a href=\"http:\/\/www.sume.pb.gov.br\/wp-content\/uploads\/2019\/09\/IMG_7420.jpg\"><img decoding=\"async\" data-src=\"http:\/\/www.sume.pb.gov.br\/wp-content\/uploads\/2019\/09\/IMG_7420-300x200.jpg\" alt=\"\" src=\"data:image\/svg+xml;base64,PHN2ZyB3aWR0aD0iMSIgaGVpZ2h0PSIxIiB4bWxucz0iaHR0cDovL3d3dy53My5vcmcvMjAwMC9zdmciPjwvc3ZnPg==\" class=\"lazyload\" style=\"--smush-placeholder-width: 300px; --smush-placeholder-aspect-ratio: 300\/200;\" \/><\/a><\/figure>\n\n\n\n<p>Lorena.<\/p>\n\n\n\n<p>A secret\u00e1ria de Sa\u00fade do munic\u00edpio, Alessandra Regina, elogiou profissionais do CAPS Sum\u00e9 pelo trabalho que eles tem desenvolvido na comunidade sumeense. Sandra disse que nada seria poss\u00edvel se n\u00e3o houvesse o empenho e a dedica\u00e7\u00e3o de uma equipe atuante e comprometida com a causa, que segundo ela, merece uma aten\u00e7\u00e3o n\u00e3o s\u00f3 do poder p\u00fablico, mas de toda sociedade, principalmente das fam\u00edlias que devem ficar em alerta m\u00e1ximo sobre qualquer tipo de pensamentos suicida.<\/p>\n\n\n\n<p>O palestrante Tiago Guedes, psiquiatra do CAPS Sum\u00e9, enfatizou que a melhor maneira de ajudar algu\u00e9m com pensamentos ou comportamento suicida \u00e9 em primeiro lugar tentar conversar e posteriormente indicar assist\u00eancia m\u00e9dica, outra forma \u00e9 ligar para o Centro de Valoriza\u00e7\u00e3o da Vida (CVV), 188.<\/p>\n\n\n\n<p>Ascom<\/p>\n","protected":false},"excerpt":{"rendered":"<p>Esta\u00e7\u00e3o Novos Rumos, em parceria com a Secretaria de Sa\u00fade de Sum\u00e9, encerrou a Campanha do Setembro Amarelo \u2013 m\u00eas de preven\u00e7\u00e3o ao suic\u00eddio com&hellip; <\/p>\n","protected":false},"author":1,"featured_media":120642,"comment_status":"closed","ping_status":"closed","sticky":false,"template":"","format":"standard","meta":{"sfsi_plus_gutenberg_text_before_share":"","sfsi_plus_gutenberg_show_text_before_share":"","sfsi_plus_gutenberg_icon_type":"","sfsi_plus_gutenberg_icon_alignemt":"","sfsi_plus_gutenburg_max_per_row":"","footnotes":""},"categories":[2],"tags":[],"class_list":["post-120640","post","type-post","status-publish","format-standard","has-post-thumbnail","hentry","category-geral"],"_links":{"self":[{"href":"https:\/\/www.caririemacao.com\/1\/wp-json\/wp\/v2\/posts\/120640","targetHints":{"allow":["GET"]}}],"collection":[{"href":"https:\/\/www.caririemacao.com\/1\/wp-json\/wp\/v2\/posts"}],"about":[{"href":"https:\/\/www.caririemacao.com\/1\/wp-json\/wp\/v2\/types\/post"}],"author":[{"embeddable":true,"href":"https:\/\/www.caririemacao.com\/1\/wp-json\/wp\/v2\/users\/1"}],"replies":[{"embeddable":true,"href":"https:\/\/www.caririemacao.com\/1\/wp-json\/wp\/v2\/comments?post=120640"}],"version-history":[{"count":1,"href":"https:\/\/www.caririemacao.com\/1\/wp-json\/wp\/v2\/posts\/120640\/revisions"}],"predecessor-version":[{"id":120643,"href":"https:\/\/www.caririemacao.com\/1\/wp-json\/wp\/v2\/posts\/120640\/revisions\/120643"}],"wp:featuredmedia":[{"embeddable":true,"href":"https:\/\/www.caririemacao.com\/1\/wp-json\/wp\/v2\/media\/120642"}],"wp:attachment":[{"href":"https:\/\/www.caririemacao.com\/1\/wp-json\/wp\/v2\/media?parent=120640"}],"wp:term":[{"taxonomy":"category","embeddable":true,"href":"https:\/\/www.caririemacao.com\/1\/wp-json\/wp\/v2\/categories?post=120640"},{"taxonomy":"post_tag","embeddable":true,"href":"https:\/\/www.caririemacao.com\/1\/wp-json\/wp\/v2\/tags?post=120640"}],"curies":[{"name":"wp","href":"https:\/\/api.w.org\/{rel}","templated":true}]}}