{"id":120654,"date":"2019-09-26T13:30:58","date_gmt":"2019-09-26T16:30:58","guid":{"rendered":"http:\/\/www.caririemacao.com\/1\/?p=120654"},"modified":"2019-09-26T13:30:58","modified_gmt":"2019-09-26T16:30:58","slug":"ambiente-familiar-estreia-nos-cinemas-de-21-cidades-brasileiras","status":"publish","type":"post","link":"https:\/\/www.caririemacao.com\/1\/2019\/09\/26\/ambiente-familiar-estreia-nos-cinemas-de-21-cidades-brasileiras\/","title":{"rendered":"Ambiente Familiar&#8217; estreia nos cinemas de 21 cidades brasileiras"},"content":{"rendered":"\n<p>O filme &#8220;Ambiente Familiar&#8221; estreia nesta quinta-feira (26), nos cinemas de 21 cidades brasileiras. O filme&nbsp;dirigido pelo paraibano Torquato Joel, natural da cidade de Sousa foi rodado nas cidades de Jo\u00e3o Pessoa, Cabedelo, Conde (Tambaba e Tabatinga), Guarabira e Bananeiras.&nbsp;<\/p>\n\n\n\n<p>A exibi\u00e7\u00e3o do filme acontece no Centerplex do Mag Shopping, nos hor\u00e1rios de 17h e 21h45.&nbsp;<a href=\"https:\/\/www.clickpb.com.br\/cinema\/ambiente-familiar-filme-rodado-na-paraiba-ganha-sessoes-de-estreia-em-cinema-de-joao-pessoa-268492.html\">At\u00e9 o momento n\u00e3o h\u00e1 informa\u00e7\u00f5es sobre<\/a>&nbsp;at\u00e9 quando o longa-metragem permanecer\u00e1 em cartaz.<\/p>\n\n\n\n<p>Inicialmente,&nbsp;<a href=\"https:\/\/www.clickpb.com.br\/cinema\/filme-rodado-na-paraiba-estreia-em-20-cidades-brasileiras-268439.html\">n\u00e3o havia previs\u00e3o de estreia na Para\u00edba<\/a>, j\u00e1 que a rede distribuidora, a rede Cinemark, n\u00e3o possui salas de cinema no estado. No entanto, ap\u00f3s negocia\u00e7\u00f5es, a produ\u00e7\u00e3o do filme conseguiu garantir a exibi\u00e7\u00e3o do longa-metragem no Estado.<\/p>\n\n\n\n<p>O filme ser\u00e1 exibido nos cinemas do Rio de Janeiro, S\u00e3o Paulo, Bras\u00edlia, Salvador, Porto Alegre, Recife, Fortaleza, Bras\u00edlia, Belo Horizonte, Curitiba, Natal, Macei\u00f3, Aracaju, Campo Grande, Cuiab\u00e1, Londrina, Santos, S\u00e3o Jos\u00e9 dos Campos, Vit\u00f3ria e Ribeir\u00e3o Preto.<\/p>\n\n\n\n<figure><iframe data-src=\"https:\/\/www.youtube.com\/embed\/JEEgqm66FGM\" allowfullscreen=\"\" src=\"data:image\/svg+xml;base64,PHN2ZyB3aWR0aD0iMSIgaGVpZ2h0PSIxIiB4bWxucz0iaHR0cDovL3d3dy53My5vcmcvMjAwMC9zdmciPjwvc3ZnPg==\" class=\"lazyload\" data-load-mode=\"1\"><\/iframe><\/figure>\n\n\n\n<p>O filme foi patrocinado pelo Edital Walfredo Rodriguez, da Prefeitura Municipal de Jo\u00e3o Pessoa (PMJP) por meio de sua Funda\u00e7\u00e3o Cultural (Funjope).<\/p>\n\n\n\n<p>Primeiro longa-metragem de Torquato Joel, tamb\u00e9m autor do roteiro, \u201cAmbiente Familiar\u201d discute o conceito de fam\u00edlia a partir da hist\u00f3ria de Alex, Fagner e Di\u00f3genes, tr\u00eas amigos que moram juntos, mas a rela\u00e7\u00e3o entre eles vai muito al\u00e9m de uma mera divis\u00e3o de despesas da casa. Eles forjam uma nova ordem familiar no esfor\u00e7o para superar os impactos vividos nas pobrezas afetivas e sociais de suas inf\u00e2ncias.<\/p>\n\n\n\n<p>Com Alex Oliveira, Fagner Costa e Di\u00f3genes Duque como protagonistas, \u201cAmbiente Familiar\u201d tem ainda no elenco Marc\u00e9lia Cartaxo, Matheus Henrique, Luiz Henrique Silva, Joaquim Lucena Viana, Zezita Matos, Kassandra Brand\u00e3o, Ver\u00f4nica Cavalcante, Fernando Teixeira, Soia Lira e Cely Farias.<\/p>\n\n\n\n<p>A produ\u00e7\u00e3o executiva \u00e9 Nina Rosa e Metilde Alves para a Extrato de Cinema. A dire\u00e7\u00e3o de fotografia \u00e9 de Beto Martins, a dire\u00e7\u00e3o de som de L\u00e9o Bortolin, dire\u00e7\u00e3o de arte, figurino e visagismo de Romero Sousa, dire\u00e7\u00e3o de anima\u00e7\u00e3o de Jo\u00e3o M\u00e1rio T. Ara\u00fajo, montagem de Diego Benevides e produ\u00e7\u00e3o executiva de Nina Rosa e Metilde Alves.<\/p>\n","protected":false},"excerpt":{"rendered":"<p>O filme &#8220;Ambiente Familiar&#8221; estreia nesta quinta-feira (26), nos cinemas de 21 cidades brasileiras. O filme&nbsp;dirigido pelo paraibano Torquato Joel, natural da cidade de Sousa&hellip; <\/p>\n","protected":false},"author":1,"featured_media":120658,"comment_status":"closed","ping_status":"closed","sticky":false,"template":"","format":"standard","meta":{"sfsi_plus_gutenberg_text_before_share":"","sfsi_plus_gutenberg_show_text_before_share":"","sfsi_plus_gutenberg_icon_type":"","sfsi_plus_gutenberg_icon_alignemt":"","sfsi_plus_gutenburg_max_per_row":"","footnotes":""},"categories":[2],"tags":[],"class_list":["post-120654","post","type-post","status-publish","format-standard","has-post-thumbnail","hentry","category-geral"],"_links":{"self":[{"href":"https:\/\/www.caririemacao.com\/1\/wp-json\/wp\/v2\/posts\/120654","targetHints":{"allow":["GET"]}}],"collection":[{"href":"https:\/\/www.caririemacao.com\/1\/wp-json\/wp\/v2\/posts"}],"about":[{"href":"https:\/\/www.caririemacao.com\/1\/wp-json\/wp\/v2\/types\/post"}],"author":[{"embeddable":true,"href":"https:\/\/www.caririemacao.com\/1\/wp-json\/wp\/v2\/users\/1"}],"replies":[{"embeddable":true,"href":"https:\/\/www.caririemacao.com\/1\/wp-json\/wp\/v2\/comments?post=120654"}],"version-history":[{"count":1,"href":"https:\/\/www.caririemacao.com\/1\/wp-json\/wp\/v2\/posts\/120654\/revisions"}],"predecessor-version":[{"id":120659,"href":"https:\/\/www.caririemacao.com\/1\/wp-json\/wp\/v2\/posts\/120654\/revisions\/120659"}],"wp:featuredmedia":[{"embeddable":true,"href":"https:\/\/www.caririemacao.com\/1\/wp-json\/wp\/v2\/media\/120658"}],"wp:attachment":[{"href":"https:\/\/www.caririemacao.com\/1\/wp-json\/wp\/v2\/media?parent=120654"}],"wp:term":[{"taxonomy":"category","embeddable":true,"href":"https:\/\/www.caririemacao.com\/1\/wp-json\/wp\/v2\/categories?post=120654"},{"taxonomy":"post_tag","embeddable":true,"href":"https:\/\/www.caririemacao.com\/1\/wp-json\/wp\/v2\/tags?post=120654"}],"curies":[{"name":"wp","href":"https:\/\/api.w.org\/{rel}","templated":true}]}}