{"id":120668,"date":"2019-09-26T13:33:59","date_gmt":"2019-09-26T16:33:59","guid":{"rendered":"http:\/\/www.caririemacao.com\/1\/?p=120668"},"modified":"2019-09-26T13:33:59","modified_gmt":"2019-09-26T16:33:59","slug":"ibge-publica-retificacao-e-exige-nivel-superior-para-coordenador-censitario-no-processo-seletivo","status":"publish","type":"post","link":"https:\/\/www.caririemacao.com\/1\/2019\/09\/26\/ibge-publica-retificacao-e-exige-nivel-superior-para-coordenador-censitario-no-processo-seletivo\/","title":{"rendered":"IBGE publica retifica\u00e7\u00e3o e exige n\u00edvel superior para Coordenador Censit\u00e1rio no processo seletivo"},"content":{"rendered":"\n<p>O Instituto Brasileiro de Geografia e Estat\u00edstica (IBGE) divulgou nesta manh\u00e3 de quinta-feira(26), uma retifica\u00e7\u00e3o no edital do processo seletivo com 2.658 vagas para coordenador censit\u00e1rio de sub\u00e1rea e agente censit\u00e1rio operacional. De acordo com a retifica\u00e7\u00e3o, a fun\u00e7\u00e3o de Coordenador Censit\u00e1rio Sub\u00e1rea (CCS), que possui&nbsp;1.343 vagas, exige n\u00edvel superior em qualquer \u00e1rea de conhecimento, e n\u00e3o n\u00edvel m\u00e9dio, como consta no edital&nbsp;<a href=\"https:\/\/www.clickpb.com.br\/emprego\/divulgado-edital-para-o-process-seletivo-do-ibge-com-2658-vagas-268512.html\">publicado na quarta-feira (25)<\/a>.<\/p>\n\n\n\n<p><a href=\"http:\/\/www.in.gov.br\/en\/web\/dou\/-\/edital-n-3-de-23-de-setembro-de-2019-218040019\">Confira o edital<\/a><br><\/p>\n\n\n\n<p>N\u00e3o houve mudan\u00e7as nas demais informa\u00e7\u00f5es divulgadas.<\/p>\n\n\n\n<ul class=\"wp-block-list\"><li><a href=\"https:\/\/www.clickpb.com.br\/emprego\/ibge-abre-63-vagas-para-processo-seletivo-em-31-municipios-da-paraiba-268535.html\">IBGE abre 63 vagas para processo seletivo em 31 munic\u00edpios da Para\u00edba<\/a><\/li><\/ul>\n\n\n\n<p>Os interessados poder\u00e3o se inscrever a partir das 10h desta quarta (25), at\u00e9 o dia 15 de outubro,&nbsp;<a href=\"https:\/\/fgvprojetos.fgv.br\/concursos\/ibgepss2019\">atrav\u00e9s do site da empresa organizadora<\/a>. As taxas de inscri\u00e7\u00f5es custam R$ 42,50 a R$ 58.<\/p>\n\n\n\n<p>Os sal\u00e1rios s\u00e3o de R$ R$ 3.100,00 para coordenador e R$ 1.700,00 para agente. O contrato tem dura\u00e7\u00e3o de 12 meses. A jornada de trabalho de ambas as fun\u00e7\u00f5es ser\u00e1 de 40 horas semanais, sendo 8 horas di\u00e1rias. Os contratados ter\u00e3o direito aos aux\u00edlios Alimenta\u00e7\u00e3o, Transporte e Pr\u00e9-escolar, al\u00e9m de f\u00e9rias e 13\u00ba sal\u00e1rio proporcionais, de acordo com a legisla\u00e7\u00e3o que regulamenta este tipo de contrata\u00e7\u00e3o.<\/p>\n\n\n\n<p>As provas ser\u00e3o aplicadas pela banca Funda\u00e7\u00e3o Get\u00falio Vargas (FGV),&nbsp;no dia 8 de dezembro de 2019.<\/p>\n","protected":false},"excerpt":{"rendered":"<p>O Instituto Brasileiro de Geografia e Estat\u00edstica (IBGE) divulgou nesta manh\u00e3 de quinta-feira(26), uma retifica\u00e7\u00e3o no edital do processo seletivo com 2.658 vagas para coordenador&hellip; <\/p>\n","protected":false},"author":1,"featured_media":120671,"comment_status":"closed","ping_status":"closed","sticky":false,"template":"","format":"standard","meta":{"sfsi_plus_gutenberg_text_before_share":"","sfsi_plus_gutenberg_show_text_before_share":"","sfsi_plus_gutenberg_icon_type":"","sfsi_plus_gutenberg_icon_alignemt":"","sfsi_plus_gutenburg_max_per_row":"","footnotes":""},"categories":[2],"tags":[],"class_list":["post-120668","post","type-post","status-publish","format-standard","has-post-thumbnail","hentry","category-geral"],"_links":{"self":[{"href":"https:\/\/www.caririemacao.com\/1\/wp-json\/wp\/v2\/posts\/120668","targetHints":{"allow":["GET"]}}],"collection":[{"href":"https:\/\/www.caririemacao.com\/1\/wp-json\/wp\/v2\/posts"}],"about":[{"href":"https:\/\/www.caririemacao.com\/1\/wp-json\/wp\/v2\/types\/post"}],"author":[{"embeddable":true,"href":"https:\/\/www.caririemacao.com\/1\/wp-json\/wp\/v2\/users\/1"}],"replies":[{"embeddable":true,"href":"https:\/\/www.caririemacao.com\/1\/wp-json\/wp\/v2\/comments?post=120668"}],"version-history":[{"count":1,"href":"https:\/\/www.caririemacao.com\/1\/wp-json\/wp\/v2\/posts\/120668\/revisions"}],"predecessor-version":[{"id":120672,"href":"https:\/\/www.caririemacao.com\/1\/wp-json\/wp\/v2\/posts\/120668\/revisions\/120672"}],"wp:featuredmedia":[{"embeddable":true,"href":"https:\/\/www.caririemacao.com\/1\/wp-json\/wp\/v2\/media\/120671"}],"wp:attachment":[{"href":"https:\/\/www.caririemacao.com\/1\/wp-json\/wp\/v2\/media?parent=120668"}],"wp:term":[{"taxonomy":"category","embeddable":true,"href":"https:\/\/www.caririemacao.com\/1\/wp-json\/wp\/v2\/categories?post=120668"},{"taxonomy":"post_tag","embeddable":true,"href":"https:\/\/www.caririemacao.com\/1\/wp-json\/wp\/v2\/tags?post=120668"}],"curies":[{"name":"wp","href":"https:\/\/api.w.org\/{rel}","templated":true}]}}