{"id":120687,"date":"2019-09-26T13:47:08","date_gmt":"2019-09-26T16:47:08","guid":{"rendered":"http:\/\/www.caririemacao.com\/1\/?p=120687"},"modified":"2019-09-26T13:47:08","modified_gmt":"2019-09-26T16:47:08","slug":"municipios-paraibanos-receberao-recursos-para-campanha-de-vacinacao-contra-sarampo","status":"publish","type":"post","link":"https:\/\/www.caririemacao.com\/1\/2019\/09\/26\/municipios-paraibanos-receberao-recursos-para-campanha-de-vacinacao-contra-sarampo\/","title":{"rendered":"Munic\u00edpios paraibanos receber\u00e3o recursos para campanha de vacina\u00e7\u00e3o contra sarampo"},"content":{"rendered":"\n<p>A Comiss\u00e3o Intergestores Bipartite aprovou o repasse de recursos financeiros do Fundo Estadual de Sa\u00fade para os fundos municipais de sa\u00fade para operacionaliza\u00e7\u00e3o de uma campanha de vacina\u00e7\u00e3o contra sarampo.<\/p>\n\n\n\n<p>Ser\u00e3o contemplados os munic\u00edpios com at\u00e9 100 mil habitantes com uma verba de R$ 0,96 para cada crian\u00e7a entre um e cinco anos de idade, totalizando R$ 141.373,44. A decis\u00e3o, assim como a lista dos munic\u00edpios contemplados, foi publicada no Di\u00e1rio Oficial do Estado desta quinta-feira (26).<\/p>\n\n\n\n<ul class=\"wp-block-list\"><li><a href=\"https:\/\/www.clickpb.com.br\/saude\/paraiba-entra-na-lista-dos-estados-com-transmissao-ativa-de-sarampo-diz-ministerio-da-saude-268568.html\">Para\u00edba entra na lista dos estados com transmiss\u00e3o ativa de sarampo, diz Minist\u00e9rio da Sa\u00fade<\/a><\/li><\/ul>\n\n\n\n<p>De acordo com o texto que justifica a decis\u00e3o, a Para\u00edba est\u00e1 com 86,91% da cobertura vacinal em crian\u00e7as de at\u00e9 um ano de idade. No entanto, dos 223 munic\u00edpios paraibanos, apenas 128 possuem a cobertura vacinal adequada. Na Para\u00edba j\u00e1 foram notificados 83 casos suspeitos de sarampo. Destes, 29 foram descartados, 20 deram positivo no primeiro teste e 34 est\u00e3o sob investiga\u00e7\u00e3o.<\/p>\n\n\n\n<p>Em todo o pa\u00eds j\u00e1 foram notificados 20.292 casos suspeitos, em 13 estados, o que levou o Minist\u00e9rio da Sa\u00fade a recomendar uma Campanha Nacional de Vacina\u00e7\u00e3o contra o Sarampo para menores cinco anos de idade, no per\u00edodo de 7 a 25 de outubro, sendo o dia 19 o dia D.<\/p>\n\n\n\n<figure class=\"wp-block-image\"><img decoding=\"async\" data-src=\"https:\/\/www.clickpb.com.br\/media\/filer_public\/9b\/6c\/9b6c6fb9-0680-4f59-ad34-d7c696d30feb\/vacina_1.png\" alt=\"\" src=\"data:image\/svg+xml;base64,PHN2ZyB3aWR0aD0iMSIgaGVpZ2h0PSIxIiB4bWxucz0iaHR0cDovL3d3dy53My5vcmcvMjAwMC9zdmciPjwvc3ZnPg==\" class=\"lazyload\" \/><\/figure>\n\n\n\n<figure class=\"wp-block-image\"><img decoding=\"async\" data-src=\"https:\/\/www.clickpb.com.br\/media\/filer_public\/ce\/32\/ce325da6-f703-468c-923b-2cdc7c52dbdc\/vacina_2.png\" alt=\"\" src=\"data:image\/svg+xml;base64,PHN2ZyB3aWR0aD0iMSIgaGVpZ2h0PSIxIiB4bWxucz0iaHR0cDovL3d3dy53My5vcmcvMjAwMC9zdmciPjwvc3ZnPg==\" class=\"lazyload\" \/><\/figure>\n\n\n\n<figure class=\"wp-block-image\"><img decoding=\"async\" data-src=\"https:\/\/www.clickpb.com.br\/media\/filer_public\/da\/4a\/da4af2a8-e7f0-48ba-b1f4-3286a8e23454\/vacina_3.png\" alt=\"\" src=\"data:image\/svg+xml;base64,PHN2ZyB3aWR0aD0iMSIgaGVpZ2h0PSIxIiB4bWxucz0iaHR0cDovL3d3dy53My5vcmcvMjAwMC9zdmciPjwvc3ZnPg==\" class=\"lazyload\" \/><\/figure>\n\n\n\n<figure class=\"wp-block-image\"><img decoding=\"async\" data-src=\"https:\/\/www.clickpb.com.br\/media\/filer_public\/6e\/cb\/6ecb6e20-d6b5-484a-a2b4-57db15faad00\/vacina_4.png\" alt=\"\" src=\"data:image\/svg+xml;base64,PHN2ZyB3aWR0aD0iMSIgaGVpZ2h0PSIxIiB4bWxucz0iaHR0cDovL3d3dy53My5vcmcvMjAwMC9zdmciPjwvc3ZnPg==\" class=\"lazyload\" \/><\/figure>\n\n\n\n<figure class=\"wp-block-image\"><img decoding=\"async\" data-src=\"https:\/\/www.clickpb.com.br\/media\/filer_public\/89\/cc\/89ccabf1-b625-44f4-9198-543f3888fff4\/vacina_5.png\" alt=\"\" src=\"data:image\/svg+xml;base64,PHN2ZyB3aWR0aD0iMSIgaGVpZ2h0PSIxIiB4bWxucz0iaHR0cDovL3d3dy53My5vcmcvMjAwMC9zdmciPjwvc3ZnPg==\" class=\"lazyload\" \/><\/figure>\n\n\n\n<figure class=\"wp-block-image\"><img decoding=\"async\" data-src=\"https:\/\/www.clickpb.com.br\/media\/filer_public\/92\/f4\/92f43803-6fab-444a-983d-36de839d9606\/vacina_6.png\" alt=\"\" src=\"data:image\/svg+xml;base64,PHN2ZyB3aWR0aD0iMSIgaGVpZ2h0PSIxIiB4bWxucz0iaHR0cDovL3d3dy53My5vcmcvMjAwMC9zdmciPjwvc3ZnPg==\" class=\"lazyload\" \/><\/figure>\n\n\n\n<figure class=\"wp-block-image\"><img decoding=\"async\" data-src=\"https:\/\/www.clickpb.com.br\/media\/filer_public\/18\/ed\/18ed6cc7-8c43-4b4f-8c0a-efbace70c611\/vacina_7.png\" alt=\"\" src=\"data:image\/svg+xml;base64,PHN2ZyB3aWR0aD0iMSIgaGVpZ2h0PSIxIiB4bWxucz0iaHR0cDovL3d3dy53My5vcmcvMjAwMC9zdmciPjwvc3ZnPg==\" class=\"lazyload\" \/><\/figure>\n\n\n\n<figure class=\"wp-block-image\"><img decoding=\"async\" data-src=\"https:\/\/www.clickpb.com.br\/media\/filer_public\/0d\/db\/0ddbe274-c9d6-44eb-971b-95d820cbcd70\/vacina_8.png\" alt=\"\" src=\"data:image\/svg+xml;base64,PHN2ZyB3aWR0aD0iMSIgaGVpZ2h0PSIxIiB4bWxucz0iaHR0cDovL3d3dy53My5vcmcvMjAwMC9zdmciPjwvc3ZnPg==\" class=\"lazyload\" \/><\/figure>\n","protected":false},"excerpt":{"rendered":"<p>A Comiss\u00e3o Intergestores Bipartite aprovou o repasse de recursos financeiros do Fundo Estadual de Sa\u00fade para os fundos municipais de sa\u00fade para operacionaliza\u00e7\u00e3o de uma&hellip; <\/p>\n","protected":false},"author":1,"featured_media":59383,"comment_status":"closed","ping_status":"closed","sticky":false,"template":"","format":"standard","meta":{"sfsi_plus_gutenberg_text_before_share":"","sfsi_plus_gutenberg_show_text_before_share":"","sfsi_plus_gutenberg_icon_type":"","sfsi_plus_gutenberg_icon_alignemt":"","sfsi_plus_gutenburg_max_per_row":"","footnotes":""},"categories":[16],"tags":[],"class_list":["post-120687","post","type-post","status-publish","format-standard","has-post-thumbnail","hentry","category-saude"],"_links":{"self":[{"href":"https:\/\/www.caririemacao.com\/1\/wp-json\/wp\/v2\/posts\/120687","targetHints":{"allow":["GET"]}}],"collection":[{"href":"https:\/\/www.caririemacao.com\/1\/wp-json\/wp\/v2\/posts"}],"about":[{"href":"https:\/\/www.caririemacao.com\/1\/wp-json\/wp\/v2\/types\/post"}],"author":[{"embeddable":true,"href":"https:\/\/www.caririemacao.com\/1\/wp-json\/wp\/v2\/users\/1"}],"replies":[{"embeddable":true,"href":"https:\/\/www.caririemacao.com\/1\/wp-json\/wp\/v2\/comments?post=120687"}],"version-history":[{"count":1,"href":"https:\/\/www.caririemacao.com\/1\/wp-json\/wp\/v2\/posts\/120687\/revisions"}],"predecessor-version":[{"id":120689,"href":"https:\/\/www.caririemacao.com\/1\/wp-json\/wp\/v2\/posts\/120687\/revisions\/120689"}],"wp:featuredmedia":[{"embeddable":true,"href":"https:\/\/www.caririemacao.com\/1\/wp-json\/wp\/v2\/media\/59383"}],"wp:attachment":[{"href":"https:\/\/www.caririemacao.com\/1\/wp-json\/wp\/v2\/media?parent=120687"}],"wp:term":[{"taxonomy":"category","embeddable":true,"href":"https:\/\/www.caririemacao.com\/1\/wp-json\/wp\/v2\/categories?post=120687"},{"taxonomy":"post_tag","embeddable":true,"href":"https:\/\/www.caririemacao.com\/1\/wp-json\/wp\/v2\/tags?post=120687"}],"curies":[{"name":"wp","href":"https:\/\/api.w.org\/{rel}","templated":true}]}}