{"id":120696,"date":"2019-09-26T13:50:07","date_gmt":"2019-09-26T16:50:07","guid":{"rendered":"http:\/\/www.caririemacao.com\/1\/?p=120696"},"modified":"2019-09-26T13:50:07","modified_gmt":"2019-09-26T16:50:07","slug":"com-reformas-crescimento-economico-sera-sustentavel-diz-campos-neto","status":"publish","type":"post","link":"https:\/\/www.caririemacao.com\/1\/2019\/09\/26\/com-reformas-crescimento-economico-sera-sustentavel-diz-campos-neto\/","title":{"rendered":"Com reformas, crescimento econ\u00f4mico ser\u00e1 sustent\u00e1vel, diz Campos Neto"},"content":{"rendered":"\n<p>O crescimento da economia, acompanhado de reformas, ser\u00e1 sustent\u00e1vel, diferentemente do que ocorreu no passado. A avalia\u00e7\u00e3o \u00e9 do presidente do Banco Central (BC), Roberto Campos Neto, que apresentou hoje (26) o Relat\u00f3rio Trimestral de Infla\u00e7\u00e3o.<\/p>\n\n\n\n<p>No relat\u00f3rio, o BC estima que o Produto Interno Bruto (PIB), soma de todos os bens e servi\u00e7os produzidos no pa\u00eds,<a href=\"http:\/\/agenciabrasil.ebc.com.br\/economia\/noticia\/2019-09\/bc-projeta-crescimento-da-economia-em-09-este-ano-e-18-em-2020\">&nbsp;crescer\u00e1 0,9% neste ano e 1,8%, em 2020<\/a>.<\/p>\n\n\n\n<p>Segundo Campos Neto, houve crescimento maior da economia no passado, impulsionado por dinheiro p\u00fablico. \u201cMas foi um voo de galinha\u201d. Agora, destacou, houve uma mudan\u00e7a com maior participa\u00e7\u00e3o do dinheiro privado no crescimento da economia porque n\u00e3o h\u00e1 espa\u00e7o fiscal para mais gastos p\u00fablicos e por ter sido adotada uma pol\u00edtica de economia liberal. \u201c\u00c9 uma recupera\u00e7\u00e3o gradual. E essa recupera\u00e7\u00e3o, acompanhada das reformas, ter\u00e1 crescimento mais sustent\u00e1vel\u201d, disse Campos Neto.<\/p>\n\n\n\n<p>O presidente do BC ressaltou que, al\u00e9m do andamento da reforma da Previd\u00eancia, em outras \u00e1reas h\u00e1 avan\u00e7os que s\u00e3o necess\u00e1rios para o est\u00edmulo da economia. Ele citou avan\u00e7o em programa de venda de ativos p\u00fablicos, a Lei da Liberdade Econ\u00f4mico e medidas de abertura comercial, por exemplo.<\/p>\n\n\n\n<p>Campos Neto tamb\u00e9m afirmou que, para o Banco Central, \u201ca melhor forma de contribuir com o crescimento \u00e9 manter a infla\u00e7\u00e3o est\u00e1vel\u201d.<\/p>\n\n\n\n<h2 class=\"wp-block-heading\">Mercado de c\u00e2mbio<\/h2>\n\n\n\n<p>Campos Neto enfatizou que o c\u00e2mbio \u00e9 flutuante e que o papel do BC \u00e9 fazer interven\u00e7\u00f5es no mercado de c\u00e2mbio quando h\u00e1 disfun\u00e7\u00f5es. \u201cN\u00e3o temos nenhum dogma com rela\u00e7\u00e3o a instrumentos\u201d, disse, explicando que havia entendimento no passado de que todas as interven\u00e7\u00f5es tinham que ser feitas prioritariamente por meio de&nbsp;<em>swaps&nbsp;<\/em>(opera\u00e7\u00f5es no mercado futuro). Ele afirmou que o BC pode atuar tamb\u00e9m no mercado \u00e0 vista, se julgar necess\u00e1rio. \u201cN\u00e3o temos nenhuma meta para&nbsp;<em>swap<\/em>\u201d, afirmou.<\/p>\n\n\n\n<p>Sobre o aumento da cota\u00e7\u00e3o do d\u00f3lar no Brasil, o presidente do BC explicou que uma parte desse movimento foi reflexo da alta da moeda no mundo. De acordo com Campos Neto, parte do processo foi tamb\u00e9m provocada pela antecipa\u00e7\u00e3o de pagamentos de d\u00edvidas de empresas brasileiras no exterior, como a Petrobras.<\/p>\n","protected":false},"excerpt":{"rendered":"<p>O crescimento da economia, acompanhado de reformas, ser\u00e1 sustent\u00e1vel, diferentemente do que ocorreu no passado. A avalia\u00e7\u00e3o \u00e9 do presidente do Banco Central (BC), Roberto&hellip; <\/p>\n","protected":false},"author":1,"featured_media":111013,"comment_status":"closed","ping_status":"closed","sticky":false,"template":"","format":"standard","meta":{"sfsi_plus_gutenberg_text_before_share":"","sfsi_plus_gutenberg_show_text_before_share":"","sfsi_plus_gutenberg_icon_type":"","sfsi_plus_gutenberg_icon_alignemt":"","sfsi_plus_gutenburg_max_per_row":"","footnotes":""},"categories":[2],"tags":[],"class_list":["post-120696","post","type-post","status-publish","format-standard","has-post-thumbnail","hentry","category-geral"],"_links":{"self":[{"href":"https:\/\/www.caririemacao.com\/1\/wp-json\/wp\/v2\/posts\/120696","targetHints":{"allow":["GET"]}}],"collection":[{"href":"https:\/\/www.caririemacao.com\/1\/wp-json\/wp\/v2\/posts"}],"about":[{"href":"https:\/\/www.caririemacao.com\/1\/wp-json\/wp\/v2\/types\/post"}],"author":[{"embeddable":true,"href":"https:\/\/www.caririemacao.com\/1\/wp-json\/wp\/v2\/users\/1"}],"replies":[{"embeddable":true,"href":"https:\/\/www.caririemacao.com\/1\/wp-json\/wp\/v2\/comments?post=120696"}],"version-history":[{"count":1,"href":"https:\/\/www.caririemacao.com\/1\/wp-json\/wp\/v2\/posts\/120696\/revisions"}],"predecessor-version":[{"id":120698,"href":"https:\/\/www.caririemacao.com\/1\/wp-json\/wp\/v2\/posts\/120696\/revisions\/120698"}],"wp:featuredmedia":[{"embeddable":true,"href":"https:\/\/www.caririemacao.com\/1\/wp-json\/wp\/v2\/media\/111013"}],"wp:attachment":[{"href":"https:\/\/www.caririemacao.com\/1\/wp-json\/wp\/v2\/media?parent=120696"}],"wp:term":[{"taxonomy":"category","embeddable":true,"href":"https:\/\/www.caririemacao.com\/1\/wp-json\/wp\/v2\/categories?post=120696"},{"taxonomy":"post_tag","embeddable":true,"href":"https:\/\/www.caririemacao.com\/1\/wp-json\/wp\/v2\/tags?post=120696"}],"curies":[{"name":"wp","href":"https:\/\/api.w.org\/{rel}","templated":true}]}}