{"id":120703,"date":"2019-09-26T13:52:34","date_gmt":"2019-09-26T16:52:34","guid":{"rendered":"http:\/\/www.caririemacao.com\/1\/?p=120703"},"modified":"2019-09-26T13:52:34","modified_gmt":"2019-09-26T16:52:34","slug":"inep-lancara-serie-de-conteudos-do-enem-em-libras","status":"publish","type":"post","link":"https:\/\/www.caririemacao.com\/1\/2019\/09\/26\/inep-lancara-serie-de-conteudos-do-enem-em-libras\/","title":{"rendered":"Inep lan\u00e7ar\u00e1 s\u00e9rie de conte\u00fados do Enem em Libras"},"content":{"rendered":"\n<p>O Instituto Nacional de Estudos e Pesquisas Educacionais An\u00edsio Teixeira (Inep) ir\u00e1 lan\u00e7ar uma s\u00e9rie de conte\u00fados em L\u00edngua Brasileira de Sinais (Libras) no&nbsp;<a href=\"http:\/\/portal.inep.gov.br\/web\/guest\/educacao-basica\/enem\/enem-em-libras\" target=\"_blank\" rel=\"noreferrer noopener\">portal<\/a>&nbsp;e nas&nbsp;<a href=\"https:\/\/www.youtube.com\/user\/inepimprensa\/playlists?view=50&amp;sort=dd&amp;shelf_id=4&amp;view_as=subscriber\" target=\"_blank\" rel=\"noreferrer noopener\">redes sociais<\/a>&nbsp;do instituto&nbsp;para ajudar os estudantes a se prepararem para o Exame Nacional do Ensino M\u00e9dio (Enem) 2019.<\/p>\n\n\n\n<p>De acordo com o Inep, o conte\u00fado ser\u00e1 divulgado nos pr\u00f3ximos dias. Os participantes receber\u00e3o orienta\u00e7\u00f5es gerais para os dias de prova, o que levar e o que n\u00e3o levar, quais documentos de identifica\u00e7\u00e3o s\u00e3o aceitos, onde encontrar material de estudo em Libras, quais as principais datas do cronograma do Enem, onde e quando consultar o local de exame, e por que imprimir o Cart\u00e3o de Confirma\u00e7\u00e3o da Inscri\u00e7\u00e3o.<\/p>\n\n\n\n<p>O Inep tamb\u00e9m vai traduzir para Libras a Cartilha do Participante \u2013 Reda\u00e7\u00e3o no Enem 2019. O material estar\u00e1 dispon\u00edvel em breve, para todos os participantes, surdos ou n\u00e3o, e esclarece a metodologia e as compet\u00eancias avaliadas no texto. A cartilha em Libras&nbsp;poder\u00e1 ser acessada no&nbsp;<a href=\"https:\/\/www.youtube.com\/channel\/UCzcROM6Epqq7jC0hbElxCJg\" target=\"_blank\" rel=\"noreferrer noopener\">canal do Inep, no YouTube<\/a>, onde j\u00e1 est\u00e3o dispon\u00edveis os v\u00eddeos das edi\u00e7\u00f5es passadas.<\/p>\n\n\n\n<h2 class=\"wp-block-heading\">Enem em Libras<\/h2>\n\n\n\n<p>Desde 2017, o Inep passou a oferecer o Enem em formato de videoprova para atender \u00e0s necessidades dos participantes com defici\u00eancia auditiva e surdez que utilizam Libras como primeira l\u00edngua. Em 2018, foi lan\u00e7ada a&nbsp;<a href=\"http:\/\/%20http\/\/enemvideolibras.inep.gov.br\/\" target=\"_blank\" rel=\"noreferrer noopener\">Plataforma Videoprova em Libras<\/a>,&nbsp;com os enunciados das quest\u00f5es e op\u00e7\u00f5es de respostas, em v\u00eddeo, al\u00e9m dos gabaritos da avalia\u00e7\u00e3o.&nbsp;<\/p>\n\n\n\n<p>As provas ser\u00e3o aplicadas este ano em 3 e&nbsp;10 de novembro. Os participantes que tiveram o atendimento especializado em Libras aprovado&nbsp;ter\u00e3o tempo adicional para realizar a avalia\u00e7\u00e3o&nbsp;de at\u00e9 2 horas por dia de prova.<\/p>\n","protected":false},"excerpt":{"rendered":"<p>O Instituto Nacional de Estudos e Pesquisas Educacionais An\u00edsio Teixeira (Inep) ir\u00e1 lan\u00e7ar uma s\u00e9rie de conte\u00fados em L\u00edngua Brasileira de Sinais (Libras) no&nbsp;portal&nbsp;e nas&nbsp;redes&hellip; <\/p>\n","protected":false},"author":1,"featured_media":106034,"comment_status":"closed","ping_status":"closed","sticky":false,"template":"","format":"standard","meta":{"sfsi_plus_gutenberg_text_before_share":"","sfsi_plus_gutenberg_show_text_before_share":"","sfsi_plus_gutenberg_icon_type":"","sfsi_plus_gutenberg_icon_alignemt":"","sfsi_plus_gutenburg_max_per_row":"","footnotes":""},"categories":[14],"tags":[],"class_list":["post-120703","post","type-post","status-publish","format-standard","has-post-thumbnail","hentry","category-educacao"],"_links":{"self":[{"href":"https:\/\/www.caririemacao.com\/1\/wp-json\/wp\/v2\/posts\/120703","targetHints":{"allow":["GET"]}}],"collection":[{"href":"https:\/\/www.caririemacao.com\/1\/wp-json\/wp\/v2\/posts"}],"about":[{"href":"https:\/\/www.caririemacao.com\/1\/wp-json\/wp\/v2\/types\/post"}],"author":[{"embeddable":true,"href":"https:\/\/www.caririemacao.com\/1\/wp-json\/wp\/v2\/users\/1"}],"replies":[{"embeddable":true,"href":"https:\/\/www.caririemacao.com\/1\/wp-json\/wp\/v2\/comments?post=120703"}],"version-history":[{"count":1,"href":"https:\/\/www.caririemacao.com\/1\/wp-json\/wp\/v2\/posts\/120703\/revisions"}],"predecessor-version":[{"id":120705,"href":"https:\/\/www.caririemacao.com\/1\/wp-json\/wp\/v2\/posts\/120703\/revisions\/120705"}],"wp:featuredmedia":[{"embeddable":true,"href":"https:\/\/www.caririemacao.com\/1\/wp-json\/wp\/v2\/media\/106034"}],"wp:attachment":[{"href":"https:\/\/www.caririemacao.com\/1\/wp-json\/wp\/v2\/media?parent=120703"}],"wp:term":[{"taxonomy":"category","embeddable":true,"href":"https:\/\/www.caririemacao.com\/1\/wp-json\/wp\/v2\/categories?post=120703"},{"taxonomy":"post_tag","embeddable":true,"href":"https:\/\/www.caririemacao.com\/1\/wp-json\/wp\/v2\/tags?post=120703"}],"curies":[{"name":"wp","href":"https:\/\/api.w.org\/{rel}","templated":true}]}}