{"id":120715,"date":"2019-09-26T15:29:07","date_gmt":"2019-09-26T18:29:07","guid":{"rendered":"http:\/\/www.caririemacao.com\/1\/?p=120715"},"modified":"2019-09-26T15:29:07","modified_gmt":"2019-09-26T18:29:07","slug":"ministros-dos-negocios-do-brics-defendem-mundo-de-paz-e-estabilidade","status":"publish","type":"post","link":"https:\/\/www.caririemacao.com\/1\/2019\/09\/26\/ministros-dos-negocios-do-brics-defendem-mundo-de-paz-e-estabilidade\/","title":{"rendered":"Ministros dos Neg\u00f3cios do Brics defendem mundo de paz e estabilidade"},"content":{"rendered":"\n<p>Ap\u00f3s sua reuni\u00e3o anual \u00e0 margem da 74\u00aa sess\u00e3o da Assembleia Geral das Na\u00e7\u00f5es Unidas (ONU), em Nova York, os ministros dos Neg\u00f3cios Estrangeiros e das Rela\u00e7\u00f5es Exteriores do Brics (Brasil, China, \u00c1frica do Sul, R\u00fassia e \u00cdndia) reafirmaram hoje (26) seu compromisso com um mundo de paz e estabilidade.<\/p>\n\n\n\n<p>\u201cEnfatizaram o papel central das Na\u00e7\u00f5es Unidas e seu compromisso de sustentar os prop\u00f3sitos e princ\u00edpios consagrados na Carta da ONU, de respeitar o direito internacional e de promover o desenvolvimento sustent\u00e1vel, a democracia, os direitos humanos e o Estado de Direito\u201d, diz o comunicado conjunto.<\/p>\n\n\n\n<p>Os chanceleres destacaram o enfoque especial dado este ano na Assembleia Geral das Na\u00e7\u00f5es Unidas ao tema do desenvolvimento sustent\u00e1vel. \u201cOs ministros reafirmaram seu compromisso com a Agenda 2030 para o Desenvolvimento Sustent\u00e1vel e pediram esfor\u00e7os redobrados para sua implementa\u00e7\u00e3o tempestiva\u201d, afirma a nota.<\/p>\n\n\n\n<p>Na segunda-feira (23), o secret\u00e1rio-geral da ONU, Ant\u00f3nio Guterres, abriu o Encontro de C\u00fapula sobre A\u00e7\u00e3o Clim\u00e1tica, em Nova York, destacando que o \u201ctempo est\u00e1 a acabar, mas ainda n\u00e3o \u00e9 tarde demais\u201d para promover mudan\u00e7as que levem \u00e0 sustentabilidade. O encontro reuniu mais de 80 l\u00edderes internacionais de governos, setor privado e da sociedade civil. Para&nbsp;<a href=\"http:\/\/agenciabrasil.ebc.com.br\/internacional\/noticia\/2019-09\/chefe-da-onu-diz-que-se-recusa-ser-cumplice-de-destruicao-da-terra\" target=\"_blank\" rel=\"noreferrer noopener\">Guterres<\/a>, n\u00e3o h\u00e1 mais tempo para conversas, mas sim para a\u00e7\u00e3o.<\/p>\n\n\n\n<p>Segundo o Itamaraty, os ministros tamb\u00e9m enfatizaram a necessidade de uma a\u00e7\u00e3o internacional mais efetiva sobre mudan\u00e7a do clima. \u201cReafirmaram o compromisso dos pa\u00edses do Brics com a plena implementa\u00e7\u00e3o do Acordo de Paris, adotado sob os princ\u00edpios da Conven\u00e7\u00e3o-Quadro das Na\u00e7\u00f5es Unidas sobre Mudan\u00e7a do Clima, incluindo os princ\u00edpios de responsabilidades comuns por\u00e9m diferenciadas e respectivas capacidades, \u00e0 luz de diferentes circunst\u00e2ncias nacionais\u201d.<\/p>\n\n\n\n<p>Ainda conforme a nota, os chanceleres instaram os pa\u00edses desenvolvidos a apoiar os pa\u00edses em desenvolvimento, \u201cinclusive honrando seus compromissos financeiros e a transfer\u00eancia de tecnologia, que s\u00e3o os fatores mais cr\u00edticos para possibilitar a a\u00e7\u00e3o contra a mudan\u00e7a do clima\u201d.<\/p>\n\n\n\n<h2 class=\"wp-block-heading\">Seguran\u00e7a internacional<\/h2>\n\n\n\n<p>Os chanceleres manifestaram preocupa\u00e7\u00e3o com os cont\u00ednuos conflitos em v\u00e1rias regi\u00f5es do mundo, que comprometem a seguran\u00e7a e a estabilidade internacionais e reafirmaram seu compromisso com solu\u00e7\u00f5es pac\u00edficas por meios pol\u00edticos e pelo engajamento diplom\u00e1tico.<\/p>\n\n\n\n<p>\u201cOs ministros reiteraram sua forte condena\u00e7\u00e3o ao terrorismo em todas as suas formas e manifesta\u00e7\u00f5es em qualquer momento, em qualquer lugar e por quem quer que o tenha cometido\u201d, diz a nota. \u201cConclamaram esfor\u00e7os conjuntos para combater o terrorismo de acordo com o direito internacional e sob os ausp\u00edcios da ONU e enfatizaram a esse respeito a necessidade da pronta ado\u00e7\u00e3o de uma Conven\u00e7\u00e3o Abrangente sobre Terrorismo Internacional\u201d.<\/p>\n","protected":false},"excerpt":{"rendered":"<p>Ap\u00f3s sua reuni\u00e3o anual \u00e0 margem da 74\u00aa sess\u00e3o da Assembleia Geral das Na\u00e7\u00f5es Unidas (ONU), em Nova York, os ministros dos Neg\u00f3cios Estrangeiros e&hellip; <\/p>\n","protected":false},"author":1,"featured_media":120717,"comment_status":"closed","ping_status":"closed","sticky":false,"template":"","format":"standard","meta":{"sfsi_plus_gutenberg_text_before_share":"","sfsi_plus_gutenberg_show_text_before_share":"","sfsi_plus_gutenberg_icon_type":"","sfsi_plus_gutenberg_icon_alignemt":"","sfsi_plus_gutenburg_max_per_row":"","footnotes":""},"categories":[2],"tags":[],"class_list":["post-120715","post","type-post","status-publish","format-standard","has-post-thumbnail","hentry","category-geral"],"_links":{"self":[{"href":"https:\/\/www.caririemacao.com\/1\/wp-json\/wp\/v2\/posts\/120715","targetHints":{"allow":["GET"]}}],"collection":[{"href":"https:\/\/www.caririemacao.com\/1\/wp-json\/wp\/v2\/posts"}],"about":[{"href":"https:\/\/www.caririemacao.com\/1\/wp-json\/wp\/v2\/types\/post"}],"author":[{"embeddable":true,"href":"https:\/\/www.caririemacao.com\/1\/wp-json\/wp\/v2\/users\/1"}],"replies":[{"embeddable":true,"href":"https:\/\/www.caririemacao.com\/1\/wp-json\/wp\/v2\/comments?post=120715"}],"version-history":[{"count":1,"href":"https:\/\/www.caririemacao.com\/1\/wp-json\/wp\/v2\/posts\/120715\/revisions"}],"predecessor-version":[{"id":120718,"href":"https:\/\/www.caririemacao.com\/1\/wp-json\/wp\/v2\/posts\/120715\/revisions\/120718"}],"wp:featuredmedia":[{"embeddable":true,"href":"https:\/\/www.caririemacao.com\/1\/wp-json\/wp\/v2\/media\/120717"}],"wp:attachment":[{"href":"https:\/\/www.caririemacao.com\/1\/wp-json\/wp\/v2\/media?parent=120715"}],"wp:term":[{"taxonomy":"category","embeddable":true,"href":"https:\/\/www.caririemacao.com\/1\/wp-json\/wp\/v2\/categories?post=120715"},{"taxonomy":"post_tag","embeddable":true,"href":"https:\/\/www.caririemacao.com\/1\/wp-json\/wp\/v2\/tags?post=120715"}],"curies":[{"name":"wp","href":"https:\/\/api.w.org\/{rel}","templated":true}]}}