{"id":120729,"date":"2019-09-26T15:32:20","date_gmt":"2019-09-26T18:32:20","guid":{"rendered":"http:\/\/www.caririemacao.com\/1\/?p=120729"},"modified":"2019-09-26T15:32:20","modified_gmt":"2019-09-26T18:32:20","slug":"camara-lanca-ferramenta-para-checagem-de-noticias-falsas","status":"publish","type":"post","link":"https:\/\/www.caririemacao.com\/1\/2019\/09\/26\/camara-lanca-ferramenta-para-checagem-de-noticias-falsas\/","title":{"rendered":"C\u00e2mara lan\u00e7a ferramenta para checagem de not\u00edcias falsas"},"content":{"rendered":"\n<p>A C\u00e2mara dos Deputados lan\u00e7ou hoje (25) uma ferramenta para checagem de not\u00edcias falsas. O projeto, batizado de Comprove, vai receber demandas de cidad\u00e3os e parlamentares, apurar e apresentar uma vers\u00e3o sobre fatos relacionados \u00e0 Casa e seus integrantes. O recurso foi apresentado no semin\u00e1rio Fake News, Redes Sociais e Democracia, realizado em parceria com os institutos E se fosse voc\u00ea? e Palavra Aberta.<\/p>\n\n\n\n<p>Por meio de um n\u00famero de WhatsApp, cidad\u00e3os poder\u00e3o encaminhar d\u00favidas ou conte\u00fados para verificar a veracidade das informa\u00e7\u00f5es. A equipe que abastece a ferramenta ficar\u00e1 encarregada de conferir a autenticidade e responder a demanda, classificando o material como fato, falso ou impreciso.<\/p>\n\n\n\n<p>A iniciativa define&nbsp;<em>fake news<\/em>&nbsp;como informa\u00e7\u00f5es com caracter\u00edsticas noticiosas que n\u00e3o correspondem \u00e0 realidade, amplamente compartilhadas por meios de comunica\u00e7\u00e3o com o objetivo de atrair a aten\u00e7\u00e3o das pessoas, na medida em que provocam rea\u00e7\u00f5es inflamadas e irrefletidas \u2013 em geral, contra uma pessoa, uma institui\u00e7\u00e3o, um fato ou uma ideia.<\/p>\n\n\n\n<p>Para a ferramenta, foi criada uma&nbsp;<a href=\"https:\/\/www.camara.leg.br\/comprove\" target=\"_blank\" rel=\"noreferrer noopener\">p\u00e1gina<\/a>&nbsp;pr\u00f3pria dentro do portal da C\u00e2mara dos Deputados. Nela, ser\u00e3o disponibilizadas as checagens, que poder\u00e3o ser replicadas por quem desejar. O servi\u00e7o tamb\u00e9m apresenta dicas e orienta\u00e7\u00f5es sobre como evitar, n\u00e3o acreditar ou reproduzir esse tipo de conte\u00fado.<\/p>\n\n\n\n<p>\u201c\u00c9 um instrumento que a C\u00e2mara vai oferecer \u00e0 sociedade em defesa da democracia e contra not\u00edcias falsas. Para enfrentar este fen\u00f4meno \u00e9 necess\u00e1rio redobrar a confian\u00e7a na liberdade de express\u00e3o e ter mais educa\u00e7\u00e3o midi\u00e1tica para livrar este mal\u201d, declarou o secret\u00e1rio de Participa\u00e7\u00e3o, Intera\u00e7\u00e3o e M\u00eddias Digitais, deputado Orlando Silva (PCdoB-SP).<\/p>\n\n\n\n<p>O presidente da Casa, Rodrigo Maia (DEM-RJ), defendeu a import\u00e2ncia do combate \u00e0 conte\u00fados enganosos e ressaltou como a pr\u00e1tica atinge a democracia e institui\u00e7\u00f5es democr\u00e1ticas, como o Parlamento. A dissemina\u00e7\u00e3o desse tipo de mensagem, acrescentou Maia, prejudica a imagem dessas estruturas juntamente \u00e0 popula\u00e7\u00e3o.<\/p>\n\n\n\n<p>\u201cUma informa\u00e7\u00e3o falsa em rela\u00e7\u00e3o a uma vota\u00e7\u00e3o gera \u00f3dio ao Parlamento e vontade de alguns de ir contra as institui\u00e7\u00f5es do Estado democr\u00e1tico de direito. Quando o Congresso derruba veto ao projeto de abuso de autoridade, vem a fake news: pol\u00edticos v\u00e3o julgar os ju\u00edzes\u201d, exemplificou, em refer\u00eancia \u00e0&nbsp;<a href=\"http:\/\/agenciabrasil.ebc.com.br\/politica\/noticia\/2019-09\/congresso-derruba-parte-dos-vetos-da-lei-de-abuso-de-autoridade\" target=\"_blank\" rel=\"noreferrer noopener\">derrubada<\/a>&nbsp;de parte dos vetos \u00e0 Lei de Abuso de Autoridade.<\/p>\n","protected":false},"excerpt":{"rendered":"<p>A C\u00e2mara dos Deputados lan\u00e7ou hoje (25) uma ferramenta para checagem de not\u00edcias falsas. O projeto, batizado de Comprove, vai receber demandas de cidad\u00e3os e&hellip; <\/p>\n","protected":false},"author":1,"featured_media":120731,"comment_status":"closed","ping_status":"closed","sticky":false,"template":"","format":"standard","meta":{"sfsi_plus_gutenberg_text_before_share":"","sfsi_plus_gutenberg_show_text_before_share":"","sfsi_plus_gutenberg_icon_type":"","sfsi_plus_gutenberg_icon_alignemt":"","sfsi_plus_gutenburg_max_per_row":"","footnotes":""},"categories":[2],"tags":[],"class_list":["post-120729","post","type-post","status-publish","format-standard","has-post-thumbnail","hentry","category-geral"],"_links":{"self":[{"href":"https:\/\/www.caririemacao.com\/1\/wp-json\/wp\/v2\/posts\/120729","targetHints":{"allow":["GET"]}}],"collection":[{"href":"https:\/\/www.caririemacao.com\/1\/wp-json\/wp\/v2\/posts"}],"about":[{"href":"https:\/\/www.caririemacao.com\/1\/wp-json\/wp\/v2\/types\/post"}],"author":[{"embeddable":true,"href":"https:\/\/www.caririemacao.com\/1\/wp-json\/wp\/v2\/users\/1"}],"replies":[{"embeddable":true,"href":"https:\/\/www.caririemacao.com\/1\/wp-json\/wp\/v2\/comments?post=120729"}],"version-history":[{"count":1,"href":"https:\/\/www.caririemacao.com\/1\/wp-json\/wp\/v2\/posts\/120729\/revisions"}],"predecessor-version":[{"id":120732,"href":"https:\/\/www.caririemacao.com\/1\/wp-json\/wp\/v2\/posts\/120729\/revisions\/120732"}],"wp:featuredmedia":[{"embeddable":true,"href":"https:\/\/www.caririemacao.com\/1\/wp-json\/wp\/v2\/media\/120731"}],"wp:attachment":[{"href":"https:\/\/www.caririemacao.com\/1\/wp-json\/wp\/v2\/media?parent=120729"}],"wp:term":[{"taxonomy":"category","embeddable":true,"href":"https:\/\/www.caririemacao.com\/1\/wp-json\/wp\/v2\/categories?post=120729"},{"taxonomy":"post_tag","embeddable":true,"href":"https:\/\/www.caririemacao.com\/1\/wp-json\/wp\/v2\/tags?post=120729"}],"curies":[{"name":"wp","href":"https:\/\/api.w.org\/{rel}","templated":true}]}}