{"id":120752,"date":"2019-09-26T16:37:14","date_gmt":"2019-09-26T19:37:14","guid":{"rendered":"http:\/\/www.caririemacao.com\/1\/?p=120752"},"modified":"2019-09-26T16:37:14","modified_gmt":"2019-09-26T19:37:14","slug":"eduardo-bolsonaro-ataca-greta-thunberg-com-imagem-falsa-nas-redes","status":"publish","type":"post","link":"https:\/\/www.caririemacao.com\/1\/2019\/09\/26\/eduardo-bolsonaro-ataca-greta-thunberg-com-imagem-falsa-nas-redes\/","title":{"rendered":"Eduardo Bolsonaro ataca Greta Thunberg com imagem falsa nas redes"},"content":{"rendered":"\n<p>&nbsp;O deputado federal Eduardo Bolsonaro (PSL) postou, na noite desta quarta-feira (25), uma imagem falsa para atacar a jovem ativista Greta Thunberg. A imagem mostra Greta fazendo uma refei\u00e7\u00e3o dentro de um trem, enquanto crian\u00e7as est\u00e3o do lado de fora olhando para a comida.<\/p>\n\n\n\n<p>A publica\u00e7\u00e3o divulgada pelo filho do presidente Jair Bolsonaro, escolhido para ser embaixador do Brasil em Washington, \u00e9 na verdade uma montagem feita a partir de postagem que a pr\u00f3pria sueca fez em seu Instagram em janeiro deste ano.<\/p>\n\n\n\n<p>Na mesma postagem, Eduardo compartilha ainda uma not\u00edcia relacionando Greta Thunberg ao investidor George Soros. &#8220;Voc\u00eas roubaram minha inf\u00e2ncia disse a garota financiada pela Open Society de George Soros&#8221;, escreveu ele na rede.<\/p>\n\n\n\n<p>O boato de que Greta seria financiada (ou mesmo neta) do h\u00fangaro-americano surgiu a partir de outra montagem realizada sobre foto da ativista com o ex-vice-presidente dos EUA Al Gore.<\/p>\n\n\n\n<p>Confrontado pelos seguidores por compartilhar uma imagem falsa, Eduardo Bolsonaro disse que sabia e que em nenhum momento escreveu que Greta era neta de Soros. O deputado compartilhou ainda um link do portal &#8220;Estudos Nacionais&#8221;, que reafirma que a menina seria financiada pelo investidor, ainda que sem apresentar provas.<\/p>\n\n\n\n<p>Por fim, o filho do presidente publicou nesta quinta (26) uma foto de uma s\u00e1tira com o discurso da menina na c\u00fapula do clima na ONU.<\/p>\n\n\n\n<p>&#8220;Voc\u00ea vem at\u00e9 n\u00f3s, os jovens, em busca de esperan\u00e7a. Como ousam?&#8221;, criticou Greta no discurso. &#8220;Voc\u00eas roubaram meus sonhos e minha inf\u00e2ncia com suas palavras vazias, mas eu tenho sorte. Pessoas est\u00e3o sofrendo, pessoas est\u00e3o morrendo, ecossistemas inteiros est\u00e3o entrando em colapso&#8221;, disse.<\/p>\n\n\n\n<p><strong>#DESCULPAGRETA<\/strong><\/p>\n\n\n\n<p>A hashtag &#8220;desculpa Greta&#8221; liderou os trending topics (assuntos mais comentados) do Twitter nesta quinta (26). Como resposta \u00e0s publica\u00e7\u00f5es do filho do presidente Jair Bolsonaro, os usu\u00e1rios da rede pediram desculpas \u00e0 ativista.<\/p>\n","protected":false},"excerpt":{"rendered":"<p>&nbsp;O deputado federal Eduardo Bolsonaro (PSL) postou, na noite desta quarta-feira (25), uma imagem falsa para atacar a jovem ativista Greta Thunberg. A imagem mostra&hellip; <\/p>\n","protected":false},"author":1,"featured_media":86850,"comment_status":"closed","ping_status":"closed","sticky":false,"template":"","format":"standard","meta":{"sfsi_plus_gutenberg_text_before_share":"","sfsi_plus_gutenberg_show_text_before_share":"","sfsi_plus_gutenberg_icon_type":"","sfsi_plus_gutenberg_icon_alignemt":"","sfsi_plus_gutenburg_max_per_row":"","footnotes":""},"categories":[2],"tags":[],"class_list":["post-120752","post","type-post","status-publish","format-standard","has-post-thumbnail","hentry","category-geral"],"_links":{"self":[{"href":"https:\/\/www.caririemacao.com\/1\/wp-json\/wp\/v2\/posts\/120752","targetHints":{"allow":["GET"]}}],"collection":[{"href":"https:\/\/www.caririemacao.com\/1\/wp-json\/wp\/v2\/posts"}],"about":[{"href":"https:\/\/www.caririemacao.com\/1\/wp-json\/wp\/v2\/types\/post"}],"author":[{"embeddable":true,"href":"https:\/\/www.caririemacao.com\/1\/wp-json\/wp\/v2\/users\/1"}],"replies":[{"embeddable":true,"href":"https:\/\/www.caririemacao.com\/1\/wp-json\/wp\/v2\/comments?post=120752"}],"version-history":[{"count":1,"href":"https:\/\/www.caririemacao.com\/1\/wp-json\/wp\/v2\/posts\/120752\/revisions"}],"predecessor-version":[{"id":120754,"href":"https:\/\/www.caririemacao.com\/1\/wp-json\/wp\/v2\/posts\/120752\/revisions\/120754"}],"wp:featuredmedia":[{"embeddable":true,"href":"https:\/\/www.caririemacao.com\/1\/wp-json\/wp\/v2\/media\/86850"}],"wp:attachment":[{"href":"https:\/\/www.caririemacao.com\/1\/wp-json\/wp\/v2\/media?parent=120752"}],"wp:term":[{"taxonomy":"category","embeddable":true,"href":"https:\/\/www.caririemacao.com\/1\/wp-json\/wp\/v2\/categories?post=120752"},{"taxonomy":"post_tag","embeddable":true,"href":"https:\/\/www.caririemacao.com\/1\/wp-json\/wp\/v2\/tags?post=120752"}],"curies":[{"name":"wp","href":"https:\/\/api.w.org\/{rel}","templated":true}]}}