{"id":120763,"date":"2019-09-26T16:41:07","date_gmt":"2019-09-26T19:41:07","guid":{"rendered":"http:\/\/www.caririemacao.com\/1\/?p=120763"},"modified":"2019-09-26T16:41:07","modified_gmt":"2019-09-26T19:41:07","slug":"divida-publica-federal-ultrapassa-r-4-trilhoes-pela-primeira-vez","status":"publish","type":"post","link":"https:\/\/www.caririemacao.com\/1\/2019\/09\/26\/divida-publica-federal-ultrapassa-r-4-trilhoes-pela-primeira-vez\/","title":{"rendered":"D\u00edvida P\u00fablica Federal ultrapassa R$ 4 trilh\u00f5es pela primeira vez"},"content":{"rendered":"\n<p>A D\u00edvida P\u00fablica Federal (DPF) ultrapassou a barreira de R$ 4 trilh\u00f5es pela primeira vez na hist\u00f3ria. O indicador, que inclui o endividamento interno e externo, subiu 2,03% em termos nominais, passando de R$ 3,993 trilh\u00f5es em julho para R$ 4,074 trilh\u00f5es em agosto. Os dados foram divulgados hoje (26) pelo Tesouro Nacional.<\/p>\n\n\n\n<p>Apesar da alta, a DPF continua abaixo do m\u00ednimo previsto pela equipe econ\u00f4mica. Segundo o Plano Anual de Financiamento (PAF) da d\u00edvida p\u00fablica, divulgado em janeiro pelo Tesouro, a tend\u00eancia \u00e9 que a DPF&nbsp;<a href=\"http:\/\/agenciabrasil.ebc.com.br\/economia\/noticia\/2019-01\/divida-publica-pode-alcancar-ate-r43-trilhoes-em-2019\" target=\"_blank\" rel=\"noreferrer noopener\">encerre o ano entre<\/a>&nbsp;R$ 4,1 trilh\u00f5es e R$ 4,3 trilh\u00f5es.<\/p>\n\n\n\n<p>A D\u00edvida P\u00fablica Mobili\u00e1ria (em t\u00edtulos) Interna (DPMFi), em circula\u00e7\u00e3o no mercado nacional, subiu 1,74%, passando de R$ 3,846 trilh\u00f5es para R$ 3,913 trilh\u00f5es. No m\u00eas passado, o Tesouro emitiu R$ 39,94 bilh\u00f5es a mais do que resgatou, principalmente em t\u00edtulos corrigidos pela taxa Selic (juros b\u00e1sicos da economia) e em t\u00edtulos vinculados \u00e0 infla\u00e7\u00e3o. O estoque tamb\u00e9m subiu por causa da apropria\u00e7\u00e3o de juros, que somou R$ 27,02 bilh\u00f5es.<\/p>\n\n\n\n<p>A apropria\u00e7\u00e3o de juros representa o reconhecimento gradual das taxas que corrigem os juros da d\u00edvida p\u00fablica. As taxas s\u00e3o incorporadas m\u00eas a m\u00eas ao estoque da d\u00edvida, conforme o indexador de cada papel.<\/p>\n\n\n\n<p>A forte alta do d\u00f3lar no \u00faltimo m\u00eas fez a D\u00edvida P\u00fablica Externa subir 9,55% em agosto. O estoque passou de R$ 146,85 bilh\u00f5es para R$ 160,87 bilh\u00f5es, motivado principalmente pela valoriza\u00e7\u00e3o de 9,92% da moeda norte-americana ocorrida no m\u00eas passado.<\/p>\n\n\n\n<h2 class=\"wp-block-heading\">Composi\u00e7\u00e3o<\/h2>\n\n\n\n<p>A composi\u00e7\u00e3o da DPF praticamente n\u00e3o mudou de julho para agosto. A participa\u00e7\u00e3o dos pap\u00e9is corrigidos pela Selic passou de 38,37% para 38,35% de um m\u00eas para outro. A fatia dos t\u00edtulos prefixados (com taxas definidas no momento da emiss\u00e3o) subiu levemente, de 31,05% para 31,44%. A participa\u00e7\u00e3o dos t\u00edtulos vinculados \u00e0 infla\u00e7\u00e3o passou de 26,73% para 26,06%. A parcela do c\u00e2mbio, que inclui a d\u00edvida p\u00fablica externa, foi a que mais subiu, de 3,85% para 4,15%.<\/p>\n\n\n\n<p>Por meio da d\u00edvida p\u00fablica, o governo pega emprestado dos investidores recursos para honrar compromissos. Em troca, compromete-se a devolver o dinheiro com alguma corre\u00e7\u00e3o, que pode ser definida com anteced\u00eancia, no caso dos t\u00edtulos prefixados, ou seguir a varia\u00e7\u00e3o da taxa Selic, da infla\u00e7\u00e3o ou do c\u00e2mbio.<\/p>\n","protected":false},"excerpt":{"rendered":"<p>A D\u00edvida P\u00fablica Federal (DPF) ultrapassou a barreira de R$ 4 trilh\u00f5es pela primeira vez na hist\u00f3ria. O indicador, que inclui o endividamento interno e&hellip; <\/p>\n","protected":false},"author":1,"featured_media":106099,"comment_status":"closed","ping_status":"closed","sticky":false,"template":"","format":"standard","meta":{"sfsi_plus_gutenberg_text_before_share":"","sfsi_plus_gutenberg_show_text_before_share":"","sfsi_plus_gutenberg_icon_type":"","sfsi_plus_gutenberg_icon_alignemt":"","sfsi_plus_gutenburg_max_per_row":"","footnotes":""},"categories":[2],"tags":[],"class_list":["post-120763","post","type-post","status-publish","format-standard","has-post-thumbnail","hentry","category-geral"],"_links":{"self":[{"href":"https:\/\/www.caririemacao.com\/1\/wp-json\/wp\/v2\/posts\/120763","targetHints":{"allow":["GET"]}}],"collection":[{"href":"https:\/\/www.caririemacao.com\/1\/wp-json\/wp\/v2\/posts"}],"about":[{"href":"https:\/\/www.caririemacao.com\/1\/wp-json\/wp\/v2\/types\/post"}],"author":[{"embeddable":true,"href":"https:\/\/www.caririemacao.com\/1\/wp-json\/wp\/v2\/users\/1"}],"replies":[{"embeddable":true,"href":"https:\/\/www.caririemacao.com\/1\/wp-json\/wp\/v2\/comments?post=120763"}],"version-history":[{"count":1,"href":"https:\/\/www.caririemacao.com\/1\/wp-json\/wp\/v2\/posts\/120763\/revisions"}],"predecessor-version":[{"id":120765,"href":"https:\/\/www.caririemacao.com\/1\/wp-json\/wp\/v2\/posts\/120763\/revisions\/120765"}],"wp:featuredmedia":[{"embeddable":true,"href":"https:\/\/www.caririemacao.com\/1\/wp-json\/wp\/v2\/media\/106099"}],"wp:attachment":[{"href":"https:\/\/www.caririemacao.com\/1\/wp-json\/wp\/v2\/media?parent=120763"}],"wp:term":[{"taxonomy":"category","embeddable":true,"href":"https:\/\/www.caririemacao.com\/1\/wp-json\/wp\/v2\/categories?post=120763"},{"taxonomy":"post_tag","embeddable":true,"href":"https:\/\/www.caririemacao.com\/1\/wp-json\/wp\/v2\/tags?post=120763"}],"curies":[{"name":"wp","href":"https:\/\/api.w.org\/{rel}","templated":true}]}}