{"id":120774,"date":"2019-09-26T17:03:29","date_gmt":"2019-09-26T20:03:29","guid":{"rendered":"http:\/\/www.caririemacao.com\/1\/?p=120774"},"modified":"2019-09-26T17:03:29","modified_gmt":"2019-09-26T20:03:29","slug":"comeca-hoje-em-sume-o-1-festival-de-musica-ze-marcolino","status":"publish","type":"post","link":"https:\/\/www.caririemacao.com\/1\/2019\/09\/26\/comeca-hoje-em-sume-o-1-festival-de-musica-ze-marcolino\/","title":{"rendered":"Come\u00e7a hoje em Sum\u00e9, o 1\u00b0 Festival de M\u00fasica Z\u00e9 Marcolino"},"content":{"rendered":"\n<p>A abertura oficial do Festival inicia \u00e0s 19h, na Pra\u00e7a Jos\u00e9 Am\u00e9rico, com exposi\u00e7\u00e3o da vida e obra do cantor sumeense. A exposi\u00e7\u00e3o se estende at\u00e9 \u00e0s 22h.<\/p>\n\n\n\n<p>\u00c0s 19h30 acontecem as apresenta\u00e7\u00f5es dos grupos Filhos da Dan\u00e7a e Sala de Reboco.<\/p>\n\n\n\n<p>A programa\u00e7\u00e3o desta quinta-feira se encerra com o trio p\u00e9 de serra do cantor Rog\u00e9rio Lima, a partir das 21h.<\/p>\n\n\n\n<p>Na sexta-feira (27), o Festival continua com Exposi\u00e7\u00e3o de Vida e Obra de Z\u00e9 Marcolino no Cen\u00e1rio Musical, Sarau Po\u00e9tico e Apresenta\u00e7\u00e3o de Violeiros.<\/p>\n\n\n\n<p>No s\u00e1bado (28), acontece a grande final das 10 m\u00fasicas selecionadas que estar\u00e3o concorrendo a uma premia\u00e7\u00e3o de R$ 2.000,00 para o primeiro colocado, R$ 1.000,00 para o segundo, R$ 500,00 para o terceiro lugar e R$ 500,00 para o melhor int\u00e9rprete. &#x1f3c6;<\/p>\n\n\n\n<p>O Festival ser\u00e1 encerrado com shows de Dejinha de Monteiro e Bira Marcolino.<\/p>\n","protected":false},"excerpt":{"rendered":"<p>A abertura oficial do Festival inicia \u00e0s 19h, na Pra\u00e7a Jos\u00e9 Am\u00e9rico, com exposi\u00e7\u00e3o da vida e obra do cantor sumeense. A exposi\u00e7\u00e3o se estende&hellip; <\/p>\n","protected":false},"author":1,"featured_media":120776,"comment_status":"closed","ping_status":"closed","sticky":false,"template":"","format":"standard","meta":{"sfsi_plus_gutenberg_text_before_share":"","sfsi_plus_gutenberg_show_text_before_share":"","sfsi_plus_gutenberg_icon_type":"","sfsi_plus_gutenberg_icon_alignemt":"","sfsi_plus_gutenburg_max_per_row":"","footnotes":""},"categories":[50,2],"tags":[],"class_list":["post-120774","post","type-post","status-publish","format-standard","has-post-thumbnail","hentry","category-destaque","category-geral"],"_links":{"self":[{"href":"https:\/\/www.caririemacao.com\/1\/wp-json\/wp\/v2\/posts\/120774","targetHints":{"allow":["GET"]}}],"collection":[{"href":"https:\/\/www.caririemacao.com\/1\/wp-json\/wp\/v2\/posts"}],"about":[{"href":"https:\/\/www.caririemacao.com\/1\/wp-json\/wp\/v2\/types\/post"}],"author":[{"embeddable":true,"href":"https:\/\/www.caririemacao.com\/1\/wp-json\/wp\/v2\/users\/1"}],"replies":[{"embeddable":true,"href":"https:\/\/www.caririemacao.com\/1\/wp-json\/wp\/v2\/comments?post=120774"}],"version-history":[{"count":1,"href":"https:\/\/www.caririemacao.com\/1\/wp-json\/wp\/v2\/posts\/120774\/revisions"}],"predecessor-version":[{"id":120777,"href":"https:\/\/www.caririemacao.com\/1\/wp-json\/wp\/v2\/posts\/120774\/revisions\/120777"}],"wp:featuredmedia":[{"embeddable":true,"href":"https:\/\/www.caririemacao.com\/1\/wp-json\/wp\/v2\/media\/120776"}],"wp:attachment":[{"href":"https:\/\/www.caririemacao.com\/1\/wp-json\/wp\/v2\/media?parent=120774"}],"wp:term":[{"taxonomy":"category","embeddable":true,"href":"https:\/\/www.caririemacao.com\/1\/wp-json\/wp\/v2\/categories?post=120774"},{"taxonomy":"post_tag","embeddable":true,"href":"https:\/\/www.caririemacao.com\/1\/wp-json\/wp\/v2\/tags?post=120774"}],"curies":[{"name":"wp","href":"https:\/\/api.w.org\/{rel}","templated":true}]}}