{"id":120786,"date":"2019-09-26T17:05:57","date_gmt":"2019-09-26T20:05:57","guid":{"rendered":"http:\/\/www.caririemacao.com\/1\/?p=120786"},"modified":"2019-09-26T17:05:57","modified_gmt":"2019-09-26T20:05:57","slug":"prefeita-de-monteiro-recebe-servidores-para-discutir-insalubridade","status":"publish","type":"post","link":"https:\/\/www.caririemacao.com\/1\/2019\/09\/26\/prefeita-de-monteiro-recebe-servidores-para-discutir-insalubridade\/","title":{"rendered":"Prefeita de Monteiro recebe servidores para discutir insalubridade"},"content":{"rendered":"\n<p>Na manh\u00e3 desta quarta-feira, 25, a prefeita se reuniu com as diferentes classes ligadas \u00e0 Secretaria de Infraestrutura, secret\u00e1rios, vereadores e representantes do Sindicato dos Servidores para abordar o assunto relativo \u00e0 insalubridade.<br>Durante o momento os representantes das classes como, garis, coveiros, agente de limpeza urbana, entre outros, manifestaram-se contr\u00e1rios com rela\u00e7\u00e3o as noticias sensacionalistas divulgadas em notici\u00e1rios locais dizendo que os entrevistados e as grande parte das informa\u00e7\u00f5es n\u00e3o condizem com a realidade e que tais pessoas n\u00e3o representam o interesse coletivo dos trabalhadores.<br>Sobre o percentual sugerido como reajuste pelos funcion\u00e1rios, a gestora e os secret\u00e1rios repassaram informa\u00e7\u00f5es a respeito das finan\u00e7as municipais e sobre as possibilidades reais da incorpora\u00e7\u00e3o do direito<br>De comum acordo, representantes das classes e do sindicato, aceitaram a proposta da prefeita Anna Lorena, da realiza\u00e7\u00e3o de um estudo sobre o estado da secretaria, funcion\u00e1rios e sal\u00e1rios para que seja feita uma reformula\u00e7\u00e3o na remunera\u00e7\u00e3o de forma que todos os funcion\u00e1rios possam receber seus vencimentos de forma justa.Para a an\u00e1lise e coleta dos dados ser\u00e1 criada uma comiss\u00e3o de acompanhamento para garantir a integridade do processo.<\/p>\n\n\n\n<div class=\"wp-block-image\"><figure class=\"alignleft\"><img decoding=\"async\" data-src=\"https:\/\/i0.wp.com\/www.vitrinedocariri.com.br\/wp-content\/uploads\/2019\/09\/Prefeita-de-Monteiro-recebe-servidores-para-discutir-insalubridade3.jpeg?zoom=2&amp;resize=330%2C185&amp;ssl=1\" alt=\"\" class=\"wp-image-53947 lazyload\" src=\"data:image\/svg+xml;base64,PHN2ZyB3aWR0aD0iMSIgaGVpZ2h0PSIxIiB4bWxucz0iaHR0cDovL3d3dy53My5vcmcvMjAwMC9zdmciPjwvc3ZnPg==\" \/><\/figure><\/div>\n\n\n\n<p>Todos os vereadores foram&nbsp; convocados a comparecer na reuni\u00e3o, por\u00e9m, apenas a situa\u00e7\u00e3o compareceu, reafirmando o apoio e compromisso com a gest\u00e3o, bem como com a popula\u00e7\u00e3o e a classe trabalhadora municipal.\u201cEstamos dispostos a analisar toda a situa\u00e7\u00e3o para que possamos trabalhar da melhor forma para o munic\u00edpio. Queremos garantir a progressividade do pagamento de forma que n\u00e3o prejudique o munic\u00edpio, mas atenda \u00e0s necessidades dos trabalhadores\u201d, comentou Ricardo Jorge, presidente da C\u00e2mara de Vereadores.<br>\u201cEstamos muito felizes pelo acontecimento dessa reuni\u00e3o, o primeiro passo para que possamos atender os pleitos dos nossos funcion\u00e1rios. Queremos que todos tenham um sentimento de recompensa justa pelo trabalho realizado. Nossa meta \u00e9 conceder o direito ao maior n\u00famero de classes poss\u00edveis de acordo com nossos cofres\u201d, finaliza Anna Lorena.<\/p>\n","protected":false},"excerpt":{"rendered":"<p>Na manh\u00e3 desta quarta-feira, 25, a prefeita se reuniu com as diferentes classes ligadas \u00e0 Secretaria de Infraestrutura, secret\u00e1rios, vereadores e representantes do Sindicato dos&hellip; <\/p>\n","protected":false},"author":1,"featured_media":17531,"comment_status":"closed","ping_status":"closed","sticky":false,"template":"","format":"standard","meta":{"sfsi_plus_gutenberg_text_before_share":"","sfsi_plus_gutenberg_show_text_before_share":"","sfsi_plus_gutenberg_icon_type":"","sfsi_plus_gutenberg_icon_alignemt":"","sfsi_plus_gutenburg_max_per_row":"","footnotes":""},"categories":[2],"tags":[],"class_list":["post-120786","post","type-post","status-publish","format-standard","has-post-thumbnail","hentry","category-geral"],"_links":{"self":[{"href":"https:\/\/www.caririemacao.com\/1\/wp-json\/wp\/v2\/posts\/120786","targetHints":{"allow":["GET"]}}],"collection":[{"href":"https:\/\/www.caririemacao.com\/1\/wp-json\/wp\/v2\/posts"}],"about":[{"href":"https:\/\/www.caririemacao.com\/1\/wp-json\/wp\/v2\/types\/post"}],"author":[{"embeddable":true,"href":"https:\/\/www.caririemacao.com\/1\/wp-json\/wp\/v2\/users\/1"}],"replies":[{"embeddable":true,"href":"https:\/\/www.caririemacao.com\/1\/wp-json\/wp\/v2\/comments?post=120786"}],"version-history":[{"count":1,"href":"https:\/\/www.caririemacao.com\/1\/wp-json\/wp\/v2\/posts\/120786\/revisions"}],"predecessor-version":[{"id":120788,"href":"https:\/\/www.caririemacao.com\/1\/wp-json\/wp\/v2\/posts\/120786\/revisions\/120788"}],"wp:featuredmedia":[{"embeddable":true,"href":"https:\/\/www.caririemacao.com\/1\/wp-json\/wp\/v2\/media\/17531"}],"wp:attachment":[{"href":"https:\/\/www.caririemacao.com\/1\/wp-json\/wp\/v2\/media?parent=120786"}],"wp:term":[{"taxonomy":"category","embeddable":true,"href":"https:\/\/www.caririemacao.com\/1\/wp-json\/wp\/v2\/categories?post=120786"},{"taxonomy":"post_tag","embeddable":true,"href":"https:\/\/www.caririemacao.com\/1\/wp-json\/wp\/v2\/tags?post=120786"}],"curies":[{"name":"wp","href":"https:\/\/api.w.org\/{rel}","templated":true}]}}