{"id":120802,"date":"2019-09-27T01:22:19","date_gmt":"2019-09-27T04:22:19","guid":{"rendered":"http:\/\/www.caririemacao.com\/1\/?p=120802"},"modified":"2019-09-27T01:22:19","modified_gmt":"2019-09-27T04:22:19","slug":"ii-expossu-e-aberta-oficialmente-em-sao-sebastiao-do-umbuzeiro","status":"publish","type":"post","link":"https:\/\/www.caririemacao.com\/1\/2019\/09\/27\/ii-expossu-e-aberta-oficialmente-em-sao-sebastiao-do-umbuzeiro\/","title":{"rendered":"II EXPOSSU \u00e9 aberta oficialmente em S\u00e3o Sebasti\u00e3o do Umbuzeiro"},"content":{"rendered":"\n<p>A programa\u00e7\u00e3o da II EXPOSSU de S\u00e3o Sebasti\u00e3o do Umbuzeiro, no Cariri Paraibano, realizada pela Prefeitura Municipal, teve in\u00edcio nesta quinta-feira, dia 26. <\/p>\n\n\n\n<figure class=\"wp-block-image\"><img fetchpriority=\"high\" decoding=\"async\" width=\"720\" height=\"540\" src=\"http:\/\/www.caririemacao.com\/1\/wp-content\/uploads\/2019\/09\/WhatsApp-Image-2019-09-26-at-22.39.32.jpeg\" alt=\"\" class=\"wp-image-120805\" srcset=\"https:\/\/www.caririemacao.com\/1\/wp-content\/uploads\/2019\/09\/WhatsApp-Image-2019-09-26-at-22.39.32.jpeg 720w, https:\/\/www.caririemacao.com\/1\/wp-content\/uploads\/2019\/09\/WhatsApp-Image-2019-09-26-at-22.39.32-300x225.jpeg 300w\" sizes=\"(max-width: 720px) 100vw, 720px\" \/><\/figure>\n\n\n\n<p>Pela manh\u00e3, houve a\nrecep\u00e7\u00e3o dos animais e a noite teve a abertura oficial da exposi\u00e7\u00e3o e a esgota\ndas cabras que ir\u00e3o participar do torneio leiteiro.<\/p>\n\n\n\n<p>Nesta sexta-feira,\ndia 27, acontece a 1\u00aa ordenha, oficina de palma forrageira, assinaturas de\ncontratos do Agroamigo, palestra sobre preven\u00e7\u00e3o e controle de mastite em caprinos\nleiteiros, e para encerrar o segundo dia, ter\u00e1 a 2\u00aa ordenha.<\/p>\n\n\n\n<p>J\u00e1 neste s\u00e1bado (28), pela manh\u00e3 a 3\u00aa ordena, seguida de curso de fabrica\u00e7\u00e3o de iogurte. J\u00e1 por volta das 18h, tem a \u00faltima ordena com a classifica\u00e7\u00e3o das campe\u00e3s, e na sequ\u00eancia a entrega da premia\u00e7\u00e3o.<\/p>\n\n\n\n<p>\n\nA exposi\u00e7\u00e3o acontece de 26 a 28 de setembro, e sua programa\u00e7\u00e3o est\u00e1 extremamente diversificada e uma premia\u00e7\u00e3o de 10 mil reais.\n\n<\/p>\n\n\n\n<figure class=\"wp-block-image\"><img decoding=\"async\" width=\"720\" height=\"900\" data-src=\"http:\/\/www.caririemacao.com\/1\/wp-content\/uploads\/2019\/09\/WhatsApp-Image-2019-09-26-at-18.20.41.jpeg\" alt=\"\" class=\"wp-image-120804 lazyload\" data-srcset=\"https:\/\/www.caririemacao.com\/1\/wp-content\/uploads\/2019\/09\/WhatsApp-Image-2019-09-26-at-18.20.41.jpeg 720w, https:\/\/www.caririemacao.com\/1\/wp-content\/uploads\/2019\/09\/WhatsApp-Image-2019-09-26-at-18.20.41-240x300.jpeg 240w\" data-sizes=\"(max-width: 720px) 100vw, 720px\" src=\"data:image\/svg+xml;base64,PHN2ZyB3aWR0aD0iMSIgaGVpZ2h0PSIxIiB4bWxucz0iaHR0cDovL3d3dy53My5vcmcvMjAwMC9zdmciPjwvc3ZnPg==\" style=\"--smush-placeholder-width: 720px; --smush-placeholder-aspect-ratio: 720\/900;\" \/><\/figure>\n\n\n\n<p>E para encerrar,\nmuito forr\u00f3 com Edy e Nathan e Farra 1000. <\/p>\n","protected":false},"excerpt":{"rendered":"<p>A programa\u00e7\u00e3o da II EXPOSSU de S\u00e3o Sebasti\u00e3o do Umbuzeiro, no Cariri Paraibano, realizada pela Prefeitura Municipal, teve in\u00edcio nesta quinta-feira, dia 26. Pela manh\u00e3,&hellip; <\/p>\n","protected":false},"author":2,"featured_media":120803,"comment_status":"closed","ping_status":"closed","sticky":false,"template":"","format":"standard","meta":{"sfsi_plus_gutenberg_text_before_share":"","sfsi_plus_gutenberg_show_text_before_share":"","sfsi_plus_gutenberg_icon_type":"","sfsi_plus_gutenberg_icon_alignemt":"","sfsi_plus_gutenburg_max_per_row":"","footnotes":""},"categories":[6,50],"tags":[],"class_list":["post-120802","post","type-post","status-publish","format-standard","has-post-thumbnail","hentry","category-cidades","category-destaque"],"_links":{"self":[{"href":"https:\/\/www.caririemacao.com\/1\/wp-json\/wp\/v2\/posts\/120802","targetHints":{"allow":["GET"]}}],"collection":[{"href":"https:\/\/www.caririemacao.com\/1\/wp-json\/wp\/v2\/posts"}],"about":[{"href":"https:\/\/www.caririemacao.com\/1\/wp-json\/wp\/v2\/types\/post"}],"author":[{"embeddable":true,"href":"https:\/\/www.caririemacao.com\/1\/wp-json\/wp\/v2\/users\/2"}],"replies":[{"embeddable":true,"href":"https:\/\/www.caririemacao.com\/1\/wp-json\/wp\/v2\/comments?post=120802"}],"version-history":[{"count":1,"href":"https:\/\/www.caririemacao.com\/1\/wp-json\/wp\/v2\/posts\/120802\/revisions"}],"predecessor-version":[{"id":120806,"href":"https:\/\/www.caririemacao.com\/1\/wp-json\/wp\/v2\/posts\/120802\/revisions\/120806"}],"wp:featuredmedia":[{"embeddable":true,"href":"https:\/\/www.caririemacao.com\/1\/wp-json\/wp\/v2\/media\/120803"}],"wp:attachment":[{"href":"https:\/\/www.caririemacao.com\/1\/wp-json\/wp\/v2\/media?parent=120802"}],"wp:term":[{"taxonomy":"category","embeddable":true,"href":"https:\/\/www.caririemacao.com\/1\/wp-json\/wp\/v2\/categories?post=120802"},{"taxonomy":"post_tag","embeddable":true,"href":"https:\/\/www.caririemacao.com\/1\/wp-json\/wp\/v2\/tags?post=120802"}],"curies":[{"name":"wp","href":"https:\/\/api.w.org\/{rel}","templated":true}]}}