{"id":120807,"date":"2019-09-27T03:30:38","date_gmt":"2019-09-27T06:30:38","guid":{"rendered":"http:\/\/www.caririemacao.com\/1\/?p=120807"},"modified":"2019-09-27T03:30:38","modified_gmt":"2019-09-27T06:30:38","slug":"eu-ia-matar-ele-gilmar-mendes-e-depois-me-suicidar-diz-janot-a-jornal","status":"publish","type":"post","link":"https:\/\/www.caririemacao.com\/1\/2019\/09\/27\/eu-ia-matar-ele-gilmar-mendes-e-depois-me-suicidar-diz-janot-a-jornal\/","title":{"rendered":"&#8216;Eu ia matar ele (Gilmar Mendes) e depois me suicidar&#8217;, diz Janot a jornal"},"content":{"rendered":"\n<p>\n\nO ex-procurador-geral da Rep\u00fablica,<strong>&nbsp;Rodrigo Janot<\/strong>, afirmou nesta quinta-feira (26) ao&nbsp;<em>Estad\u00e3o<\/em>&nbsp;que, no momento mais tenso de sua passagem pelo cargo, chegou a ir armado para uma sess\u00e3o do Supremo Tribunal Federal (<strong>STF<\/strong>) com a inten\u00e7\u00e3o de matar a tiros o ministro&nbsp;<strong>Gilmar Mendes<\/strong>. \u201cIa ser assassinato mesmo. Ia matar ele (Gilmar) e depois me suicidar\u201d, afirmou Janot.&nbsp;<\/p>\n\n\n\n<p>De acordo com o ex-procurador-geral, logo depois de ele apresentar uma exce\u00e7\u00e3o de suspei\u00e7\u00e3o contra Gilmar Mendes, o ministro difundiu \u201cuma hist\u00f3ria mentirosa\u201d sobre sua filha. \u201cE isso me tirou do s\u00e9rio.\u201d&nbsp;<\/p>\n\n\n\n<p>Conforme a reportagem, em maio de 2017, Janot, na condi\u00e7\u00e3o de chefe do Minist\u00e9rio P\u00fablico Federal (MPF), pediu o impedimento de Gilmar na an\u00e1lise de um habeas corpus de Eike Batista, com o argumento de que a mulher do ministro, Guiomar Mendes, atuava no escrit\u00f3rio S\u00e9rgio Bermudes, que advogava para o empres\u00e1rio.<\/p>\n\n\n\n<p>Ao se defender em of\u00edcio \u00e0 ent\u00e3o presidente do STF, C\u00e1rmen L\u00facia, Gilmar afirmou que a filha de Janot \u2013 Let\u00edcia Ladeira Monteiro de Barros \u2013 advogava para a empreiteira OAS em processo no Conselho Administrativo de Defesa Econ\u00f4mica (Cade). Segundo o ministro, a filha do ex-PGR poderia na \u00e9poca \u201cser credora por honor\u00e1rios advocat\u00edcios de pessoas jur\u00eddicas envolvidas na Lava Jato\u201d.<\/p>\n\n\n\n<p>\u201cFoi logo depois que eu apresentei a sess\u00e3o (&#8230;) de suspei\u00e7\u00e3o dele no caso do Eike. A\u00ed ele inventou uma hist\u00f3ria que a minha filha advogava na parte penal para uma empresa da Lava Jato. Minha filha nunca advogou na \u00e1rea penal&#8230; e a\u00ed eu sa\u00ed do s\u00e9rio\u201d, afirmou o ex-procurador-geral.<\/p>\n\n\n\n<p>O ex-procurador-geral disse ainda que foi ao Supremo Tribunal Federal (STF) armado, antes da sess\u00e3o, encontrou Gilmar na antessala do cafezinho da Corte. \u201cEle estava sozinho\u201d, disse. \u201cMas foi a m\u00e3o de Deus. Foi a m\u00e3o de Deus\u201d, repetiu o procurador ao justificar porque n\u00e3o concretizou a inten\u00e7\u00e3o. \u201cCheguei a entrar no Supremo (com essa inten\u00e7\u00e3o)\u201d, relatou. \u201cEle estava na sala, na entrada da sala de sess\u00e3o. Eu vi, olhei, e a\u00ed veio uma \u2018m\u00e3o\u2019 mesmo\u201d.<\/p>\n\n\n\n<p>Janot afirmou que estava se sentindo mal e pediu para ao vice-procurador-geral da Rep\u00fablica o substituir na sess\u00e3o do Supremo. A cena descrita acima n\u00e3o est\u00e1 narrada em detalhes no livro Nada menos que tudo (Editora Planeta), no qual relata sua atua\u00e7\u00e3o no comando da opera\u00e7\u00e3o Lava Jato. Janot alega que narrou a cena, mas \u201csem dar nome aos bois\u201d.<\/p>\n\n\n\n<p>Rodrigo Janot ressaltou que sua rela\u00e7\u00e3o com Gilmar j\u00e1 n\u00e3o era boa at\u00e9 esse epis\u00f3dio, mas depois cortou contatos. \u201cEu sou um sujeito que n\u00e3o se incomoda de apanhar. Pode me bater \u00e0 vontade&#8230; Eu tenho uma filha, se voc\u00ea for pai&#8230;\u201d. Gilmar Mendes n\u00e3o havia se pronunciado at\u00e9 a publica\u00e7\u00e3o da reportagem.&nbsp;&nbsp;<\/p>\n","protected":false},"excerpt":{"rendered":"<p>O ex-procurador-geral da Rep\u00fablica,&nbsp;Rodrigo Janot, afirmou nesta quinta-feira (26) ao&nbsp;Estad\u00e3o&nbsp;que, no momento mais tenso de sua passagem pelo cargo, chegou a ir armado para uma&hellip; <\/p>\n","protected":false},"author":2,"featured_media":120808,"comment_status":"closed","ping_status":"closed","sticky":false,"template":"","format":"standard","meta":{"sfsi_plus_gutenberg_text_before_share":"","sfsi_plus_gutenberg_show_text_before_share":"","sfsi_plus_gutenberg_icon_type":"","sfsi_plus_gutenberg_icon_alignemt":"","sfsi_plus_gutenburg_max_per_row":"","footnotes":""},"categories":[50,11],"tags":[],"class_list":["post-120807","post","type-post","status-publish","format-standard","has-post-thumbnail","hentry","category-destaque","category-politica"],"_links":{"self":[{"href":"https:\/\/www.caririemacao.com\/1\/wp-json\/wp\/v2\/posts\/120807","targetHints":{"allow":["GET"]}}],"collection":[{"href":"https:\/\/www.caririemacao.com\/1\/wp-json\/wp\/v2\/posts"}],"about":[{"href":"https:\/\/www.caririemacao.com\/1\/wp-json\/wp\/v2\/types\/post"}],"author":[{"embeddable":true,"href":"https:\/\/www.caririemacao.com\/1\/wp-json\/wp\/v2\/users\/2"}],"replies":[{"embeddable":true,"href":"https:\/\/www.caririemacao.com\/1\/wp-json\/wp\/v2\/comments?post=120807"}],"version-history":[{"count":1,"href":"https:\/\/www.caririemacao.com\/1\/wp-json\/wp\/v2\/posts\/120807\/revisions"}],"predecessor-version":[{"id":120809,"href":"https:\/\/www.caririemacao.com\/1\/wp-json\/wp\/v2\/posts\/120807\/revisions\/120809"}],"wp:featuredmedia":[{"embeddable":true,"href":"https:\/\/www.caririemacao.com\/1\/wp-json\/wp\/v2\/media\/120808"}],"wp:attachment":[{"href":"https:\/\/www.caririemacao.com\/1\/wp-json\/wp\/v2\/media?parent=120807"}],"wp:term":[{"taxonomy":"category","embeddable":true,"href":"https:\/\/www.caririemacao.com\/1\/wp-json\/wp\/v2\/categories?post=120807"},{"taxonomy":"post_tag","embeddable":true,"href":"https:\/\/www.caririemacao.com\/1\/wp-json\/wp\/v2\/tags?post=120807"}],"curies":[{"name":"wp","href":"https:\/\/api.w.org\/{rel}","templated":true}]}}