{"id":120810,"date":"2019-09-27T06:06:39","date_gmt":"2019-09-27T09:06:39","guid":{"rendered":"http:\/\/www.caririemacao.com\/1\/?p=120810"},"modified":"2019-09-27T06:06:39","modified_gmt":"2019-09-27T09:06:39","slug":"crianca-tem-morte-cerebral-apos-ser-atropelada-por-carro-desgovernado-em-areia","status":"publish","type":"post","link":"https:\/\/www.caririemacao.com\/1\/2019\/09\/27\/crianca-tem-morte-cerebral-apos-ser-atropelada-por-carro-desgovernado-em-areia\/","title":{"rendered":"Crian\u00e7a tem morte cerebral ap\u00f3s ser atropelada por carro desgovernado em Areia"},"content":{"rendered":"\n<p>Uma crian\u00e7a de seis anos que foi atingida pelo ve\u00edculo quando ia para a igreja com outras quatro pessoas morreu nesta quinta-feira (26). Ela estava internada em estado grave desde o \u00faltimo domingo (22), no Hospital de Emerg\u00eancia de Trauma de Campina Grande.&nbsp;<\/p>\n\n\n\n<p>Segundo as informa\u00e7\u00f5es da unidade hospitalar, desde o dia em que deu entrada no local, a menina estava em estado grave. Ela passou por uma cirurgia, ficou internada na UTI infantil do hospital e ap\u00f3s quatro dias apresentou morte cerebral.<\/p>\n\n\n\n<p>Cinco pessoas foram v\u00edtimas do acidente. Todas as elas foram socorridas para o Hospital de Trauma de Campina Grande. Uma mulher e um menino n\u00e3o resistiram aos ferimentos e morreram no hospital. Um homem tamb\u00e9m passou por uma cirurgia e continua internado no local, o estado de sa\u00fade dele \u00e9 regular. Uma outra crian\u00e7a recebeu alta.<\/p>\n\n\n\n<p>De acordo com relatos de testemunhas, o ve\u00edculo descia uma ladeira conhecida como &#8220;Ch\u00e3&#8221;. O motorista perdeu o controle do carro, invadiu uma cal\u00e7ada, colidiu no muro de tr\u00eas casas e atingiu as cinco v\u00edtimas que estavam indo para a igreja.<\/p>\n\n\n\n<p>Foram atingidos uma mulher, de 33 anos, um homem, de 28 anos, um menino, de 9 anos, uma garota, de 6 anos e outra menina, de 4 anos.<\/p>\n","protected":false},"excerpt":{"rendered":"<p>Uma crian\u00e7a de seis anos que foi atingida pelo ve\u00edculo quando ia para a igreja com outras quatro pessoas morreu nesta quinta-feira (26). Ela estava&hellip; <\/p>\n","protected":false},"author":1,"featured_media":120812,"comment_status":"closed","ping_status":"closed","sticky":false,"template":"","format":"standard","meta":{"sfsi_plus_gutenberg_text_before_share":"","sfsi_plus_gutenberg_show_text_before_share":"","sfsi_plus_gutenberg_icon_type":"","sfsi_plus_gutenberg_icon_alignemt":"","sfsi_plus_gutenburg_max_per_row":"","footnotes":""},"categories":[2],"tags":[],"class_list":["post-120810","post","type-post","status-publish","format-standard","has-post-thumbnail","hentry","category-geral"],"_links":{"self":[{"href":"https:\/\/www.caririemacao.com\/1\/wp-json\/wp\/v2\/posts\/120810","targetHints":{"allow":["GET"]}}],"collection":[{"href":"https:\/\/www.caririemacao.com\/1\/wp-json\/wp\/v2\/posts"}],"about":[{"href":"https:\/\/www.caririemacao.com\/1\/wp-json\/wp\/v2\/types\/post"}],"author":[{"embeddable":true,"href":"https:\/\/www.caririemacao.com\/1\/wp-json\/wp\/v2\/users\/1"}],"replies":[{"embeddable":true,"href":"https:\/\/www.caririemacao.com\/1\/wp-json\/wp\/v2\/comments?post=120810"}],"version-history":[{"count":1,"href":"https:\/\/www.caririemacao.com\/1\/wp-json\/wp\/v2\/posts\/120810\/revisions"}],"predecessor-version":[{"id":120813,"href":"https:\/\/www.caririemacao.com\/1\/wp-json\/wp\/v2\/posts\/120810\/revisions\/120813"}],"wp:featuredmedia":[{"embeddable":true,"href":"https:\/\/www.caririemacao.com\/1\/wp-json\/wp\/v2\/media\/120812"}],"wp:attachment":[{"href":"https:\/\/www.caririemacao.com\/1\/wp-json\/wp\/v2\/media?parent=120810"}],"wp:term":[{"taxonomy":"category","embeddable":true,"href":"https:\/\/www.caririemacao.com\/1\/wp-json\/wp\/v2\/categories?post=120810"},{"taxonomy":"post_tag","embeddable":true,"href":"https:\/\/www.caririemacao.com\/1\/wp-json\/wp\/v2\/tags?post=120810"}],"curies":[{"name":"wp","href":"https:\/\/api.w.org\/{rel}","templated":true}]}}