{"id":120864,"date":"2019-09-27T06:19:28","date_gmt":"2019-09-27T09:19:28","guid":{"rendered":"http:\/\/www.caririemacao.com\/1\/?p=120864"},"modified":"2019-09-27T06:19:28","modified_gmt":"2019-09-27T09:19:28","slug":"sao-paulo-anuncia-fernando-diniz-como-novo-tecnico","status":"publish","type":"post","link":"https:\/\/www.caririemacao.com\/1\/2019\/09\/27\/sao-paulo-anuncia-fernando-diniz-como-novo-tecnico\/","title":{"rendered":"S\u00e3o Paulo anuncia Fernando Diniz como novo t\u00e9cnico"},"content":{"rendered":"\n<p>Horas ap\u00f3s o t\u00e9cnico Cuca pedir demiss\u00e3o do S\u00e3o Paulo, o time paulista anunciou nesta quinta (26) seu novo comandante, Fernando Diniz.<\/p>\n\n\n\n<p>Segundo o site do S\u00e3o Paulo, o treinador de 45 anos j\u00e1 comanda as atividades desta sexta-feira no Centro de Treinamento da Barra Funda e far\u00e1 sua estreia no jogo do pr\u00f3ximo s\u00e1bado contra o Flamengo, v\u00e1lido pela 22\u00aa rodada do Campeonato Brasileiro.<\/p>\n\n\n\n<p>\u201c\u00c9 um sonho realizado. Estou muito feliz e pronto para este novo desafio na minha carreira. Tenho certeza de que faremos um grande trabalho juntos\u201d, afirmou o treinador ao site do time paulista.<\/p>\n\n\n\n<p>Fernando Diniz tem 45 anos e j\u00e1 passou por equipes como Fluminense, Athletico-PR e Audax.<\/p>\n","protected":false},"excerpt":{"rendered":"<p>Horas ap\u00f3s o t\u00e9cnico Cuca pedir demiss\u00e3o do S\u00e3o Paulo, o time paulista anunciou nesta quinta (26) seu novo comandante, Fernando Diniz. Segundo o site&hellip; <\/p>\n","protected":false},"author":1,"featured_media":105831,"comment_status":"closed","ping_status":"closed","sticky":false,"template":"","format":"standard","meta":{"sfsi_plus_gutenberg_text_before_share":"","sfsi_plus_gutenberg_show_text_before_share":"","sfsi_plus_gutenberg_icon_type":"","sfsi_plus_gutenberg_icon_alignemt":"","sfsi_plus_gutenburg_max_per_row":"","footnotes":""},"categories":[13],"tags":[],"class_list":["post-120864","post","type-post","status-publish","format-standard","has-post-thumbnail","hentry","category-esportes"],"_links":{"self":[{"href":"https:\/\/www.caririemacao.com\/1\/wp-json\/wp\/v2\/posts\/120864","targetHints":{"allow":["GET"]}}],"collection":[{"href":"https:\/\/www.caririemacao.com\/1\/wp-json\/wp\/v2\/posts"}],"about":[{"href":"https:\/\/www.caririemacao.com\/1\/wp-json\/wp\/v2\/types\/post"}],"author":[{"embeddable":true,"href":"https:\/\/www.caririemacao.com\/1\/wp-json\/wp\/v2\/users\/1"}],"replies":[{"embeddable":true,"href":"https:\/\/www.caririemacao.com\/1\/wp-json\/wp\/v2\/comments?post=120864"}],"version-history":[{"count":1,"href":"https:\/\/www.caririemacao.com\/1\/wp-json\/wp\/v2\/posts\/120864\/revisions"}],"predecessor-version":[{"id":120865,"href":"https:\/\/www.caririemacao.com\/1\/wp-json\/wp\/v2\/posts\/120864\/revisions\/120865"}],"wp:featuredmedia":[{"embeddable":true,"href":"https:\/\/www.caririemacao.com\/1\/wp-json\/wp\/v2\/media\/105831"}],"wp:attachment":[{"href":"https:\/\/www.caririemacao.com\/1\/wp-json\/wp\/v2\/media?parent=120864"}],"wp:term":[{"taxonomy":"category","embeddable":true,"href":"https:\/\/www.caririemacao.com\/1\/wp-json\/wp\/v2\/categories?post=120864"},{"taxonomy":"post_tag","embeddable":true,"href":"https:\/\/www.caririemacao.com\/1\/wp-json\/wp\/v2\/tags?post=120864"}],"curies":[{"name":"wp","href":"https:\/\/api.w.org\/{rel}","templated":true}]}}