{"id":120874,"date":"2019-09-27T06:21:17","date_gmt":"2019-09-27T09:21:17","guid":{"rendered":"http:\/\/www.caririemacao.com\/1\/?p=120874"},"modified":"2019-09-27T06:21:17","modified_gmt":"2019-09-27T09:21:17","slug":"desembargador-libera-ida-de-temer-a-inglaterra-para-palestra","status":"publish","type":"post","link":"https:\/\/www.caririemacao.com\/1\/2019\/09\/27\/desembargador-libera-ida-de-temer-a-inglaterra-para-palestra\/","title":{"rendered":"Desembargador libera ida de Temer \u00e0 Inglaterra para palestra"},"content":{"rendered":"\n<p>O desembargador Antonio Ivan Athi\u00e9, do Tribunal Regional Federal da 2\u00aa Regi\u00e3o (TRF2), concedeu liminar para o ex-presidente Michel Temer pode viajar \u00e0 Inglaterra para fazer palestra na Oxford Union entre os dias 13 e 18 de outubro deste ano.<\/p>\n\n\n\n<p>O desembargador Ivan Athi\u00e9, ao liberar Temer para a viagem, escreveu que, em uma an\u00e1lise inicial, verificou os pressupostos legais para deferir a liminar. \u201cVislumbra-se de plano o constrangimento ilegal, eis que o ju\u00edzo impetrado fundamentou o indeferimento do pedido da defesa do paciente, de autoriza\u00e7\u00e3o de viagem ao exterior, em sua opini\u00e3o pessoal sobre a necessidade da pris\u00e3o cautelar, afastada pelo Superior Tribunal de Justi\u00e7a\u201d, escreveu.<\/p>\n\n\n\n<p>O magistrado citou a tradi\u00e7\u00e3o e prest\u00edgio da Oxford Union e determinou que o ju\u00edzo da 7\u00aa Vara Federal Criminal que providencie a entrega do passaporte a Temer. O ex-presidente dever\u00e1 devolver o documento em at\u00e9 cinco dias ap\u00f3s seu retorno, junto com os comprovantes das viagens a\u00e9reas.<\/p>\n\n\n\n<p>Em decis\u00e3o de primeira inst\u00e2ncia, o juiz Marcelo Bretas, da 7\u00aa Vara Federal Criminal do Rio,&nbsp;<a href=\"http:\/\/agenciabrasil.ebc.com.br\/justica\/noticia\/2019-09\/bretas-nega-pedido-do-ex-presidente-temer-para-viajar-inglaterra\" target=\"_blank\" rel=\"noreferrer noopener\">negou na semana passada<\/a>, o pedido ao ex-presidente Temer. Na decis\u00e3o, o juiz Bretas argumentou que a situa\u00e7\u00e3o de Temer n\u00e3o era igual a de uma pessoa em plena liberdade, pois constavam contra ele graves acusa\u00e7\u00f5es, oriundas de duas a\u00e7\u00f5es penais em tr\u00e2mite na primeira inst\u00e2ncia.<\/p>\n","protected":false},"excerpt":{"rendered":"<p>O desembargador Antonio Ivan Athi\u00e9, do Tribunal Regional Federal da 2\u00aa Regi\u00e3o (TRF2), concedeu liminar para o ex-presidente Michel Temer pode viajar \u00e0 Inglaterra para&hellip; <\/p>\n","protected":false},"author":1,"featured_media":89226,"comment_status":"closed","ping_status":"closed","sticky":false,"template":"","format":"standard","meta":{"sfsi_plus_gutenberg_text_before_share":"","sfsi_plus_gutenberg_show_text_before_share":"","sfsi_plus_gutenberg_icon_type":"","sfsi_plus_gutenberg_icon_alignemt":"","sfsi_plus_gutenburg_max_per_row":"","footnotes":""},"categories":[2],"tags":[],"class_list":["post-120874","post","type-post","status-publish","format-standard","has-post-thumbnail","hentry","category-geral"],"_links":{"self":[{"href":"https:\/\/www.caririemacao.com\/1\/wp-json\/wp\/v2\/posts\/120874","targetHints":{"allow":["GET"]}}],"collection":[{"href":"https:\/\/www.caririemacao.com\/1\/wp-json\/wp\/v2\/posts"}],"about":[{"href":"https:\/\/www.caririemacao.com\/1\/wp-json\/wp\/v2\/types\/post"}],"author":[{"embeddable":true,"href":"https:\/\/www.caririemacao.com\/1\/wp-json\/wp\/v2\/users\/1"}],"replies":[{"embeddable":true,"href":"https:\/\/www.caririemacao.com\/1\/wp-json\/wp\/v2\/comments?post=120874"}],"version-history":[{"count":1,"href":"https:\/\/www.caririemacao.com\/1\/wp-json\/wp\/v2\/posts\/120874\/revisions"}],"predecessor-version":[{"id":120876,"href":"https:\/\/www.caririemacao.com\/1\/wp-json\/wp\/v2\/posts\/120874\/revisions\/120876"}],"wp:featuredmedia":[{"embeddable":true,"href":"https:\/\/www.caririemacao.com\/1\/wp-json\/wp\/v2\/media\/89226"}],"wp:attachment":[{"href":"https:\/\/www.caririemacao.com\/1\/wp-json\/wp\/v2\/media?parent=120874"}],"wp:term":[{"taxonomy":"category","embeddable":true,"href":"https:\/\/www.caririemacao.com\/1\/wp-json\/wp\/v2\/categories?post=120874"},{"taxonomy":"post_tag","embeddable":true,"href":"https:\/\/www.caririemacao.com\/1\/wp-json\/wp\/v2\/tags?post=120874"}],"curies":[{"name":"wp","href":"https:\/\/api.w.org\/{rel}","templated":true}]}}