{"id":120885,"date":"2019-09-27T06:23:04","date_gmt":"2019-09-27T09:23:04","guid":{"rendered":"http:\/\/www.caririemacao.com\/1\/?p=120885"},"modified":"2019-09-27T06:23:04","modified_gmt":"2019-09-27T09:23:04","slug":"sob-gritos-de-e-campeao-athletico-pr-vence-fortaleza","status":"publish","type":"post","link":"https:\/\/www.caririemacao.com\/1\/2019\/09\/27\/sob-gritos-de-e-campeao-athletico-pr-vence-fortaleza\/","title":{"rendered":"Sob gritos de \u201c\u00e9, campe\u00e3o\u201d, Athletico-PR vence Fortaleza"},"content":{"rendered":"\n<p> No \u00faltimo jogo desta quinta (26) pela 21\u00aa rodada do Campeonato Brasileiro, o Athletico-PR derrotou o Fortaleza por 4 a 1 na Arena da Baixada, em Curitiba.Uma semana ap\u00f3s a conquista da Copa do Brasil o time paranaense contou com o caloroso apoio de sua torcida, que no decorrer de todo o jogo gritava: \u201c\u00c9, campe\u00e3o\u201d.<br>O jogoMas mesmo atuando em casa, a equipe curitibana saiu atr\u00e1s no marcador. Logo aos 8 minutos de partida o \u00e1rbitro marca p\u00eanalti com aux\u00edlio do VAR (\u00e1rbitro de v\u00eddeo) ap\u00f3s toque de m\u00e3o do zagueiro L\u00e9o Pereira. Um minuto depois o atacante Wellington Paulista cobra bem para bater o goleiro Santos.Contudo, o Athletico n\u00e3o desanimou e pressionou muito at\u00e9 conseguir o empate ainda no primeiro tempo, aos 32 minutos. Rony cruza na \u00e1rea e o atacante argentino Marco Ruben aproveita para marcar.E a press\u00e3o foi tanta que a virada foi alcan\u00e7ada um pouco antes do intervalo. O volante L\u00e9o Cittadini toca para Nik\u00e3o, que n\u00e3o perdoa e faz o seu aos 48 minutos.E foi dos p\u00e9s de Cittadini que saiu o terceiro gol, aos 15 minutos do segundo tempo ap\u00f3s bate-rebate na \u00e1rea do Fortaleza.Mas o time paranaense queria mais, e marcou o quarto com Marcelo Cirino aos 48 minutos do segundo tempo. Final de jogo, vit\u00f3ria de 4 a 1 do Athletico.<\/p>\n","protected":false},"excerpt":{"rendered":"<p>No \u00faltimo jogo desta quinta (26) pela 21\u00aa rodada do Campeonato Brasileiro, o Athletico-PR derrotou o Fortaleza por 4 a 1 na Arena da Baixada,&hellip; <\/p>\n","protected":false},"author":1,"featured_media":91146,"comment_status":"closed","ping_status":"closed","sticky":false,"template":"","format":"standard","meta":{"sfsi_plus_gutenberg_text_before_share":"","sfsi_plus_gutenberg_show_text_before_share":"","sfsi_plus_gutenberg_icon_type":"","sfsi_plus_gutenberg_icon_alignemt":"","sfsi_plus_gutenburg_max_per_row":"","footnotes":""},"categories":[13],"tags":[],"class_list":["post-120885","post","type-post","status-publish","format-standard","has-post-thumbnail","hentry","category-esportes"],"_links":{"self":[{"href":"https:\/\/www.caririemacao.com\/1\/wp-json\/wp\/v2\/posts\/120885","targetHints":{"allow":["GET"]}}],"collection":[{"href":"https:\/\/www.caririemacao.com\/1\/wp-json\/wp\/v2\/posts"}],"about":[{"href":"https:\/\/www.caririemacao.com\/1\/wp-json\/wp\/v2\/types\/post"}],"author":[{"embeddable":true,"href":"https:\/\/www.caririemacao.com\/1\/wp-json\/wp\/v2\/users\/1"}],"replies":[{"embeddable":true,"href":"https:\/\/www.caririemacao.com\/1\/wp-json\/wp\/v2\/comments?post=120885"}],"version-history":[{"count":1,"href":"https:\/\/www.caririemacao.com\/1\/wp-json\/wp\/v2\/posts\/120885\/revisions"}],"predecessor-version":[{"id":120887,"href":"https:\/\/www.caririemacao.com\/1\/wp-json\/wp\/v2\/posts\/120885\/revisions\/120887"}],"wp:featuredmedia":[{"embeddable":true,"href":"https:\/\/www.caririemacao.com\/1\/wp-json\/wp\/v2\/media\/91146"}],"wp:attachment":[{"href":"https:\/\/www.caririemacao.com\/1\/wp-json\/wp\/v2\/media?parent=120885"}],"wp:term":[{"taxonomy":"category","embeddable":true,"href":"https:\/\/www.caririemacao.com\/1\/wp-json\/wp\/v2\/categories?post=120885"},{"taxonomy":"post_tag","embeddable":true,"href":"https:\/\/www.caririemacao.com\/1\/wp-json\/wp\/v2\/tags?post=120885"}],"curies":[{"name":"wp","href":"https:\/\/api.w.org\/{rel}","templated":true}]}}