{"id":120920,"date":"2019-09-27T07:18:35","date_gmt":"2019-09-27T10:18:35","guid":{"rendered":"http:\/\/www.caririemacao.com\/1\/?p=120920"},"modified":"2019-09-27T07:18:35","modified_gmt":"2019-09-27T10:18:35","slug":"sobe-para-oito-o-numero-de-casos-confirmados-de-sarampo-na-paraiba","status":"publish","type":"post","link":"https:\/\/www.caririemacao.com\/1\/2019\/09\/27\/sobe-para-oito-o-numero-de-casos-confirmados-de-sarampo-na-paraiba\/","title":{"rendered":"Sobe para oito o n\u00famero de casos confirmados de sarampo na Para\u00edba"},"content":{"rendered":"\n<p>A Secretaria de Sa\u00fade da Para\u00edba confirmou na manh\u00e3 desta sexta-feira (27), que subiu para oito o n\u00famero de casos confirmados de sarampo na Para\u00edba. Ainda de acordo com as informa\u00e7\u00f5es, j\u00e1 foram notificados 166 casos no Estado.&nbsp;<\/p>\n\n\n\n<p>Dos oito casos confirmados, 04&nbsp;foram em Jo\u00e3o Pessoa, 01&nbsp;em Barra de S\u00e3o Miguel, 01&nbsp;em Bayeux, 01 em Santa Rita e 01 em Santa Cec\u00edlia.<\/p>\n\n\n\n<p>Em rela\u00e7\u00e3o as notifica\u00e7\u00f5es, 60 j\u00e1 foram descartadas e 98 segue em investiga\u00e7\u00e3o, sendo que 46 j\u00e1 possuem amostras S1 reagente IGM, por\u00e9m aguardando demais exames.&nbsp;<\/p>\n\n\n\n<p>Tamb\u00e9m foi informado que o Estado da Para\u00edba, encontra-se com 89,51% de cobertura vacinal at\u00e9 o m\u00eas de agosto de 2019. Uma Campanha Nacional de Vacina\u00e7\u00e3o contra o Sarampo ser\u00e1 realizada no m\u00eas do outubro, e tem como objetivo interromper a circula\u00e7\u00e3o do v\u00edrus no pa\u00eds.<\/p>\n\n\n\n<p><strong>Confira as datas e quem poder\u00e1 tomar:<\/strong><\/p>\n\n\n\n<p><strong>Primeira etapa<\/strong><br>Per\u00edodo: 7 a 25 de outubro<br>Dia D: 19 de outubro<br>P\u00fablico &#8211; alvo: crian\u00e7as de seis meses e menores de 5 anos de idade ( 4 anos, 11 meses e 29 dias)<\/p>\n\n\n\n<p><strong>Segunda etapa<\/strong><br>Per\u00edodo: 18 a 30 de novembro<br>Dia D: 30 de novembro<br>P\u00fablico &#8211; alvo: popula\u00e7\u00e3o de 20 a 29 anos de idade<\/p>\n\n\n\n<p><strong>Confira os casos da Para\u00edba<\/strong><br><\/p>\n\n\n\n<p>Caso 01 &#8211; Sexo masculino, 41 anos, residente em Jo\u00e3o Pessoa, n\u00e3o vacinado, hist\u00f3rico de ida a S\u00e3o Paulo, in\u00edcio do exantema no dia 02 de agosto de 2019.&nbsp;<\/p>\n\n\n\n<p>Caso 02 &#8211; Sexo feminino, 32 anos, residente em Jo\u00e3o Pessoa, vacinada, hist\u00f3rico de ida a S\u00e3o Paulo, in\u00edcio do exantema no dia 16 de agosto de 2019.<\/p>\n\n\n\n<p>Caso 03 &#8211; Sexo masculino, 24 anos, residente em Jo\u00e3o Pessoa, n\u00e3o vacinado, hist\u00f3rico de ida a Recife, in\u00edcio do exantema no dia 20 de agosto de 2019.<\/p>\n\n\n\n<p>Caso 04 &#8211; Sexo feminino, 45 anos, residente em Barra de S\u00e3o Miguel, n\u00e3o vacinada. Ida ao munic\u00edpio Santa Cruz Capibaribe\/PE. In\u00edcio exantema 19\/08\/2019.<\/p>\n\n\n\n<p>Caso 05 &#8211; Sexo Masculino, 30 anos, residente de Jo\u00e3o Pessoa, n\u00e3o tem hist\u00f3rico de viagem, data do exantema 22\/08\/2019.<\/p>\n\n\n\n<p>Caso 06 &#8211; Sexo Masculino, 01 ano, residente de Bayeux, n\u00e3o tem hist\u00f3rico de viagem, data do exantema 23\/07\/2019.&nbsp;<\/p>\n\n\n\n<p>Caso 07 &#8211; Sexo Masculino, 23 anos, residente de Santa Cec\u00edlia, com hist\u00f3rico de viagem ao munic\u00edpio de Taquaritinga do Norte\/PE, data do exantema 29\/07\/2019<\/p>\n\n\n\n<p>Caso 08 &#8211; Sexo Masculino, 04 anos, residente de Santa Rita, n\u00e3o tem hist\u00f3rico de viagem, data do exantema 07\/08\/2019<\/p>\n","protected":false},"excerpt":{"rendered":"<p>A Secretaria de Sa\u00fade da Para\u00edba confirmou na manh\u00e3 desta sexta-feira (27), que subiu para oito o n\u00famero de casos confirmados de sarampo na Para\u00edba.&hellip; <\/p>\n","protected":false},"author":1,"featured_media":57900,"comment_status":"closed","ping_status":"closed","sticky":false,"template":"","format":"standard","meta":{"sfsi_plus_gutenberg_text_before_share":"","sfsi_plus_gutenberg_show_text_before_share":"","sfsi_plus_gutenberg_icon_type":"","sfsi_plus_gutenberg_icon_alignemt":"","sfsi_plus_gutenburg_max_per_row":"","footnotes":""},"categories":[16],"tags":[],"class_list":["post-120920","post","type-post","status-publish","format-standard","has-post-thumbnail","hentry","category-saude"],"_links":{"self":[{"href":"https:\/\/www.caririemacao.com\/1\/wp-json\/wp\/v2\/posts\/120920","targetHints":{"allow":["GET"]}}],"collection":[{"href":"https:\/\/www.caririemacao.com\/1\/wp-json\/wp\/v2\/posts"}],"about":[{"href":"https:\/\/www.caririemacao.com\/1\/wp-json\/wp\/v2\/types\/post"}],"author":[{"embeddable":true,"href":"https:\/\/www.caririemacao.com\/1\/wp-json\/wp\/v2\/users\/1"}],"replies":[{"embeddable":true,"href":"https:\/\/www.caririemacao.com\/1\/wp-json\/wp\/v2\/comments?post=120920"}],"version-history":[{"count":1,"href":"https:\/\/www.caririemacao.com\/1\/wp-json\/wp\/v2\/posts\/120920\/revisions"}],"predecessor-version":[{"id":120922,"href":"https:\/\/www.caririemacao.com\/1\/wp-json\/wp\/v2\/posts\/120920\/revisions\/120922"}],"wp:featuredmedia":[{"embeddable":true,"href":"https:\/\/www.caririemacao.com\/1\/wp-json\/wp\/v2\/media\/57900"}],"wp:attachment":[{"href":"https:\/\/www.caririemacao.com\/1\/wp-json\/wp\/v2\/media?parent=120920"}],"wp:term":[{"taxonomy":"category","embeddable":true,"href":"https:\/\/www.caririemacao.com\/1\/wp-json\/wp\/v2\/categories?post=120920"},{"taxonomy":"post_tag","embeddable":true,"href":"https:\/\/www.caririemacao.com\/1\/wp-json\/wp\/v2\/tags?post=120920"}],"curies":[{"name":"wp","href":"https:\/\/api.w.org\/{rel}","templated":true}]}}