{"id":120947,"date":"2019-09-27T07:24:43","date_gmt":"2019-09-27T10:24:43","guid":{"rendered":"http:\/\/www.caririemacao.com\/1\/?p=120947"},"modified":"2019-09-27T07:24:43","modified_gmt":"2019-09-27T10:24:43","slug":"setembro-amarelo-prefeitura-de-amparo-realizou-caminhada-de-prevencao-ao-suicidio","status":"publish","type":"post","link":"https:\/\/www.caririemacao.com\/1\/2019\/09\/27\/setembro-amarelo-prefeitura-de-amparo-realizou-caminhada-de-prevencao-ao-suicidio\/","title":{"rendered":"SETEMBRO AMARELO: Prefeitura de Amparo realizou caminhada de preven\u00e7\u00e3o ao Suic\u00eddio"},"content":{"rendered":"\n<p>A Prefeitura de Amparo, por meio das Secretarias Municipais de Assist\u00eancia Social, Sa\u00fade e Educa\u00e7\u00e3o, realizaram na tarde dessa quinta-feira, 26 de Setembro, uma caminhada pelas ruas da cidade em alus\u00e3o ao Setembro Amarelo.<br><a href=\"https:\/\/1.bp.blogspot.com\/-oHhUk7Z0IAc\/XY0sUoYV51I\/AAAAAAABDd8\/MIFc1AmqLlsliOU_HNO80NXWinAsx7wUwCLcBGAsYHQ\/s1600\/SETEMBRO%2BAMARELO%2B-%2BAMPARO%2BLIGADO%2B%252840%2529.JPG\"><\/a><br>O evento marcou a culmin\u00e2ncia da tem\u00e1tica que foi trabalhada, tanto no servi\u00e7o de conviv\u00eancia e fortalecimento de v\u00ednculos, como com as escolas municipais, tendo como objetivo conscientizar sobre o auto \u00edndice de suic\u00eddio no Brasil, buscando tamb\u00e9m informar sobre a necessidade de buscar e dar ajuda quando se trata desta problem\u00e1tica.<br><a href=\"https:\/\/1.bp.blogspot.com\/-_qdF3hnnVp4\/XY0srUWNS_I\/AAAAAAABDeM\/FVAhT24rb24E4dTypsSbWQmLKeJR_kChgCLcBGAsYHQ\/s1600\/SETEMBRO%2BAMARELO%2B-%2BAMPARO%2BLIGADO%2B%25282%2529.JPG\"><\/a><br>Quem comandou a caminhada foi a Psic\u00f3loga do NASF, a Dr\u00aa Juliana Sampaio, todas as turmas do Ensino Fundamental II desenvolveram cartazes alertando sobre a import\u00e2ncia da campanha, os alunos do 9\u00ba ano fizeram uma bela apresenta\u00e7\u00e3o no encerramento da caminhada.<br><\/p>\n\n\n\n<figure class=\"wp-block-image\"><a href=\"https:\/\/1.bp.blogspot.com\/-J1Gl9C5itmQ\/XY0taBaCMsI\/AAAAAAABDfw\/jVO3EdZK50s02LyFFsWBds_X2y4s1TZxACLcBGAsYHQ\/s1600\/SETEMBRO%2BAMARELO%2B-%2BAMPARO%2BLIGADO%2B%25286%2529.JPG\"><img decoding=\"async\" data-src=\"https:\/\/1.bp.blogspot.com\/-J1Gl9C5itmQ\/XY0taBaCMsI\/AAAAAAABDfw\/jVO3EdZK50s02LyFFsWBds_X2y4s1TZxACLcBGAsYHQ\/s280\/SETEMBRO%2BAMARELO%2B-%2BAMPARO%2BLIGADO%2B%25286%2529.JPG\" alt=\"\" src=\"data:image\/svg+xml;base64,PHN2ZyB3aWR0aD0iMSIgaGVpZ2h0PSIxIiB4bWxucz0iaHR0cDovL3d3dy53My5vcmcvMjAwMC9zdmciPjwvc3ZnPg==\" class=\"lazyload\" \/><\/a><\/figure>\n\n\n\n<figure class=\"wp-block-image\"><a href=\"https:\/\/1.bp.blogspot.com\/-olWVbKKAVm0\/XY0s-RXmIRI\/AAAAAAABDec\/ElO5165qca80MkSjibXxtGnsNAH7eqKnACLcBGAsYHQ\/s1600\/SETEMBRO%2BAMARELO%2B-%2BAMPARO%2BLIGADO%2B%252812%2529.JPG\"><img decoding=\"async\" data-src=\"https:\/\/1.bp.blogspot.com\/-olWVbKKAVm0\/XY0s-RXmIRI\/AAAAAAABDec\/ElO5165qca80MkSjibXxtGnsNAH7eqKnACLcBGAsYHQ\/s280\/SETEMBRO%2BAMARELO%2B-%2BAMPARO%2BLIGADO%2B%252812%2529.JPG\" alt=\"\" src=\"data:image\/svg+xml;base64,PHN2ZyB3aWR0aD0iMSIgaGVpZ2h0PSIxIiB4bWxucz0iaHR0cDovL3d3dy53My5vcmcvMjAwMC9zdmciPjwvc3ZnPg==\" class=\"lazyload\" \/><\/a><\/figure>\n\n\n\n<figure class=\"wp-block-image\"><a href=\"https:\/\/1.bp.blogspot.com\/-bYeSqIDuFh0\/XY0s-fVYsDI\/AAAAAAABDeg\/X7XuvSkRHd4OvbZTNy3zUma_gtJlIYlqACLcBGAsYHQ\/s1600\/SETEMBRO%2BAMARELO%2B-%2BAMPARO%2BLIGADO%2B%252815%2529.JPG\"><img decoding=\"async\" data-src=\"https:\/\/1.bp.blogspot.com\/-bYeSqIDuFh0\/XY0s-fVYsDI\/AAAAAAABDeg\/X7XuvSkRHd4OvbZTNy3zUma_gtJlIYlqACLcBGAsYHQ\/s280\/SETEMBRO%2BAMARELO%2B-%2BAMPARO%2BLIGADO%2B%252815%2529.JPG\" alt=\"\" src=\"data:image\/svg+xml;base64,PHN2ZyB3aWR0aD0iMSIgaGVpZ2h0PSIxIiB4bWxucz0iaHR0cDovL3d3dy53My5vcmcvMjAwMC9zdmciPjwvc3ZnPg==\" class=\"lazyload\" \/><\/a><\/figure>\n\n\n\n<p>Com Amparo Ligado<\/p>\n","protected":false},"excerpt":{"rendered":"<p>A Prefeitura de Amparo, por meio das Secretarias Municipais de Assist\u00eancia Social, Sa\u00fade e Educa\u00e7\u00e3o, realizaram na tarde dessa quinta-feira, 26 de Setembro, uma caminhada&hellip; <\/p>\n","protected":false},"author":1,"featured_media":120949,"comment_status":"closed","ping_status":"closed","sticky":false,"template":"","format":"standard","meta":{"sfsi_plus_gutenberg_text_before_share":"","sfsi_plus_gutenberg_show_text_before_share":"","sfsi_plus_gutenberg_icon_type":"","sfsi_plus_gutenberg_icon_alignemt":"","sfsi_plus_gutenburg_max_per_row":"","footnotes":""},"categories":[2],"tags":[],"class_list":["post-120947","post","type-post","status-publish","format-standard","has-post-thumbnail","hentry","category-geral"],"_links":{"self":[{"href":"https:\/\/www.caririemacao.com\/1\/wp-json\/wp\/v2\/posts\/120947","targetHints":{"allow":["GET"]}}],"collection":[{"href":"https:\/\/www.caririemacao.com\/1\/wp-json\/wp\/v2\/posts"}],"about":[{"href":"https:\/\/www.caririemacao.com\/1\/wp-json\/wp\/v2\/types\/post"}],"author":[{"embeddable":true,"href":"https:\/\/www.caririemacao.com\/1\/wp-json\/wp\/v2\/users\/1"}],"replies":[{"embeddable":true,"href":"https:\/\/www.caririemacao.com\/1\/wp-json\/wp\/v2\/comments?post=120947"}],"version-history":[{"count":1,"href":"https:\/\/www.caririemacao.com\/1\/wp-json\/wp\/v2\/posts\/120947\/revisions"}],"predecessor-version":[{"id":120950,"href":"https:\/\/www.caririemacao.com\/1\/wp-json\/wp\/v2\/posts\/120947\/revisions\/120950"}],"wp:featuredmedia":[{"embeddable":true,"href":"https:\/\/www.caririemacao.com\/1\/wp-json\/wp\/v2\/media\/120949"}],"wp:attachment":[{"href":"https:\/\/www.caririemacao.com\/1\/wp-json\/wp\/v2\/media?parent=120947"}],"wp:term":[{"taxonomy":"category","embeddable":true,"href":"https:\/\/www.caririemacao.com\/1\/wp-json\/wp\/v2\/categories?post=120947"},{"taxonomy":"post_tag","embeddable":true,"href":"https:\/\/www.caririemacao.com\/1\/wp-json\/wp\/v2\/tags?post=120947"}],"curies":[{"name":"wp","href":"https:\/\/api.w.org\/{rel}","templated":true}]}}