{"id":120960,"date":"2019-09-27T07:28:12","date_gmt":"2019-09-27T10:28:12","guid":{"rendered":"http:\/\/www.caririemacao.com\/1\/?p=120960"},"modified":"2019-09-27T07:28:12","modified_gmt":"2019-09-27T10:28:12","slug":"maior-concorrencia-no-setor-aereo-vai-estimular-turismo-diz-ministro","status":"publish","type":"post","link":"https:\/\/www.caririemacao.com\/1\/2019\/09\/27\/maior-concorrencia-no-setor-aereo-vai-estimular-turismo-diz-ministro\/","title":{"rendered":"Maior concorr\u00eancia no setor a\u00e9reo vai estimular turismo, diz ministro"},"content":{"rendered":"\n<p>Amplia\u00e7\u00e3o da concorr\u00eancia no setor a\u00e9reo, com entrada das chamadas&nbsp;<em>low cost&nbsp;<\/em>(empresas de baixo custo) e tamb\u00e9m com a chegada de novas empresas para fazer as rotas nacionais acirrando as disputas e diminuindo os pre\u00e7os das passagens para que o brasileiro viaje mais. Isso sem deixar de lado a melhoria da infraestrutura de transportes e tamb\u00e9m dos pequenos munic\u00edpios, que conseguem gerar emprego mais r\u00e1pido por meio do turismo. Esses s\u00e3o os objetivos do ministro do Turismo, Marcelo \u00c1lvaro Ant\u00f4nio.<\/p>\n\n\n\n<p>Em entrevista exclusiva \u00e0&nbsp;<strong>Ag\u00eancia Brasil<\/strong>, o ministro falou tamb\u00e9m sobre o Mapa do Turismo, cadastro nacional com informa\u00e7\u00f5es atualizadas de mais de 2,6 mil munic\u00edpios e 333 roteiros regionais no pa\u00eds, e sobre o Dia Mundial do Turismo, que \u00e9 comemorado nesta sexta-feira (27) e que em 2020 contar\u00e1 com uma celebra\u00e7\u00e3o no Brasil.<\/p>\n\n\n\n<p><strong>Ag\u00eancia Brasil:<\/strong>&nbsp;Ministro, neste dia 27 de setembro \u00e9 comemorado o Dia Mundial do Turismo. O&nbsp;que o governo j\u00e1 fez no setor neste ano?<br><strong>Marcelo \u00c1lvaro Ant\u00f4nio:<\/strong>&nbsp;O Dia Mundial do Turismo \u00e9 muito emblem\u00e1tico. Eu olho para essa comemora\u00e7\u00e3o porque todo o nosso potencial tur\u00edstico brasileiro precisa ser divulgado para o mundo. Inclusive, sobre o Dia Mundial do Turismo, a gente teve uma importante conquista na R\u00fassia, em S\u00e3o Petesburgo, quando conseguimos trazer para o Brasil a comemora\u00e7\u00e3o desse dia em 2020. Isso \u00e9 in\u00e9dito, hist\u00f3rico para o Brasil. O mundo inteiro, todos os pa\u00edses, vir\u00e3o para o Brasil para comemorar aqui. Isso certamente vai trazer uma visibilidade internacional muito grande para o nosso pa\u00eds, mostrando todo o nosso potencial e as maravilhas para o mundo inteiro. &nbsp;<\/p>\n\n\n\n<p><strong>Ag\u00eancia Brasil:<\/strong>&nbsp;O&nbsp;governo brasileiro isentou em junho visitantes dos Estados Unidos, do Canad\u00e1, da Austr\u00e1lia e do Jap\u00e3o da necessidade de vistos para entrar no pa\u00eds. Al\u00e9m da isen\u00e7\u00e3o de vistos,&nbsp;o que mais a gente pode esperar para impulsionar o setor?<br><strong>\u00c1lvaro Ant\u00f4nio:<\/strong>&nbsp;N\u00f3s olhamos para o turismo e \u00e9 muito dif\u00edcil a gente conseguir compreender por que o Brasil tem um potencial t\u00e3o grande tur\u00edstico, a gente fala aqui de sol e praia, de gastronomia, de recursos naturais, de turismo de f\u00e9, e por que esse potencial ainda n\u00e3o se traduziu em resultados. A gente pega par\u00e2metros no mundo, como Espanha, M\u00e9xico, Portugal, Gr\u00e9cia, e a gente entende que o Brasil precisa ainda se desenvolver muito no setor tur\u00edstico. E certamente o conjunto de fatores \u00e9 que vai proporcionar esse crescimento do turismo, dentre eles, por exemplo, a infraestrutura. Precisamos realmente entregar produtos tur\u00edsticos que possam ser divulgados no mundo inteiro. Eu estive no Jalap\u00e3o (TO) e, voc\u00ea desce no aeroporto de Palmas, s\u00e3o 280 quil\u00f4metros at\u00e9 o Jalap\u00e3o em uma estrada com pedra, buraco, areia e que s\u00f3 \u00e9 poss\u00edvel chegar de jipe. Ent\u00e3o essa estrada \u00e9 fundamental para que a gente possa entregar o produto Jalap\u00e3o. Outras quest\u00f5es importantes: o governo do presidente Jair Bolsonaro j\u00e1 est\u00e1 fazendo [a\u00e7\u00f5es] como desburocratizar, desregulamentar, aprovou a lei da reforma econ\u00f4mica, [tem ainda] a reforma da Previd\u00eancia, a reforma tribut\u00e1ria, um conjunto de a\u00e7\u00f5es da economia que vai proporcionar a atra\u00e7\u00e3o de investimentos internacionais e nacionais. A\u00e7\u00f5es como a isen\u00e7\u00e3o de vistos s\u00e3o&nbsp;fundamentais. Dados j\u00e1 apontam que no m\u00eas de julho, um m\u00eas ap\u00f3s a isen\u00e7\u00e3o, os gastos dos estrangeiros no Brasil j\u00e1 crescem mais de 33%. A gente est\u00e1 vivendo um momento de recursos escassos, herdamos um d\u00e9ficit prim\u00e1rio de R$ 140 bilh\u00f5es, mas \u00e9 nesse conjunto de esfor\u00e7os, na parceria com a iniciativa privada, que n\u00f3s vamos conseguir colocar o turismo certamente num patamar nunca visto antes no Brasil.<\/p>\n\n\n\n<p><strong>Ag\u00eancia Brasil:<\/strong>&nbsp;No m\u00eas de agosto, foi lan\u00e7ado o Mapa do Turismo, com dados de mais de 2,6 mil munic\u00edpios de todo o pa\u00eds. Qual a import\u00e2ncia disso tamb\u00e9m para a gera\u00e7\u00e3o de renda?<br><strong>\u00c1lvaro Ant\u00f4nio:&nbsp;<\/strong>Para que haja investimento do turismo no munic\u00edpio, ele precisa compor o Mapa do Turismo no Brasil. Portanto, essa inclus\u00e3o de novos munic\u00edpios \u00e9 fundamental para que l\u00e1 na ponta esse recurso possa chegar e fazer a estrutura\u00e7\u00e3o da cidade em rela\u00e7\u00e3o ao turismo. Ent\u00e3o \u00e9 uma a\u00e7\u00e3o importante para que essa capilaridade do turismo possa levar emprego e renda para os munic\u00edpios que tamb\u00e9m foram inclu\u00eddos nesse mapa.<\/p>\n\n\n\n<p><strong>Ag\u00eancia Brasil:<\/strong>&nbsp;Ministro, o senhor esteve na exposi\u00e7\u00e3o da Abav (Associa\u00e7\u00e3o Brasileira de Ag\u00eancias de Viagens), que ocorre&nbsp;em S\u00e3o Paulo e \u00e9 um evento importante do setor de turismo e hotelaria. Que novidades v\u00e3o vir dessa feira?<br><strong>\u00c1lvaro Ant\u00f4nio:<\/strong>&nbsp;A Abav \u00e9 a maior feira de turismo da Am\u00e9rica Latina. Os n\u00fameros impressionam. S\u00e3o 26 mil pessoas que v\u00e3o passar pela feira, s\u00e3o mais de 2 mil expositores, ent\u00e3o \u00e9 um ambiente muito adequado para o debate do turismo, troca de experi\u00eancias. As a\u00e9reas tamb\u00e9m comp\u00f5em a Abav. Vou me reunir com as a\u00e9reas no sentido de conseguir a redu\u00e7\u00e3o do pre\u00e7o das passagens porque isso \u00e9 fundamental para o fomento do turismo. O custo Brasil ainda \u00e9 muito caro. Ent\u00e3o eu acho que cada um dando a sua contribui\u00e7\u00e3o a gente vai conseguir reduzir o custo Brasil. Esse \u00e9 o nosso objetivo. Entregar para a popula\u00e7\u00e3o um custo Brasil menor para que a popula\u00e7\u00e3o tenha mais liberdade para viajar e conhecer as belezas do Brasil.<\/p>\n\n\n\n<p><strong>Ag\u00eancia Brasil:<\/strong>&nbsp;O Brasil agora est\u00e1 com quatro empresas a\u00e9reas&nbsp;<em>low cost<\/em>&nbsp;(custo reduzido) operando no pa\u00eds. A ideia \u00e9 trazer novas empresas, aumentar a concorr\u00eancia e diminuir os pre\u00e7os?<br><strong>\u00c1lvaro Ant\u00f4nio:<\/strong>&nbsp;Sem d\u00favida nenhuma. A Jet Smart j\u00e1 come\u00e7a a sua opera\u00e7\u00e3o no pa\u00eds tamb\u00e9m, \u00e9 a quarta empresa<em>&nbsp;low cost<\/em>, mas a gente tem que pensar em atrair empresas para operar o espa\u00e7o a\u00e9reo dom\u00e9stico. As&nbsp;<em>low cost<\/em>&nbsp;trazem os turistas de outros pa\u00edses, levam tamb\u00e9m, mas \u00e9 importante a gente consolidar algumas empresas a\u00e9reas no Brasil como a Air Europa.&nbsp;J\u00e1 se registrou, de forma hist\u00f3rica, \u00e9 a primeira empresa estrangeira que se registra como brasileira. J\u00e1 est\u00e1 com seu plano de neg\u00f3cios praticamente pronto e deve come\u00e7ar sua opera\u00e7\u00e3o at\u00e9 o final do ano. O que vai produzir a melhoria na qualidade dos servi\u00e7os ao consumidor e a redu\u00e7\u00e3o no pre\u00e7o das passagens \u00e9 exatamente a competitividade, a concorr\u00eancia entre as empresas. Todo o nosso esfor\u00e7o junto ao Minist\u00e9rio do Turismo \u00e9 trazer mais empresas a\u00e9reas para que a gente consiga entregar para a popula\u00e7\u00e3o melhores servi\u00e7os e melhor custo.<\/p>\n","protected":false},"excerpt":{"rendered":"<p>Amplia\u00e7\u00e3o da concorr\u00eancia no setor a\u00e9reo, com entrada das chamadas&nbsp;low cost&nbsp;(empresas de baixo custo) e tamb\u00e9m com a chegada de novas empresas para fazer as&hellip; <\/p>\n","protected":false},"author":1,"featured_media":120961,"comment_status":"closed","ping_status":"closed","sticky":false,"template":"","format":"standard","meta":{"sfsi_plus_gutenberg_text_before_share":"","sfsi_plus_gutenberg_show_text_before_share":"","sfsi_plus_gutenberg_icon_type":"","sfsi_plus_gutenberg_icon_alignemt":"","sfsi_plus_gutenburg_max_per_row":"","footnotes":""},"categories":[2],"tags":[],"class_list":["post-120960","post","type-post","status-publish","format-standard","has-post-thumbnail","hentry","category-geral"],"_links":{"self":[{"href":"https:\/\/www.caririemacao.com\/1\/wp-json\/wp\/v2\/posts\/120960","targetHints":{"allow":["GET"]}}],"collection":[{"href":"https:\/\/www.caririemacao.com\/1\/wp-json\/wp\/v2\/posts"}],"about":[{"href":"https:\/\/www.caririemacao.com\/1\/wp-json\/wp\/v2\/types\/post"}],"author":[{"embeddable":true,"href":"https:\/\/www.caririemacao.com\/1\/wp-json\/wp\/v2\/users\/1"}],"replies":[{"embeddable":true,"href":"https:\/\/www.caririemacao.com\/1\/wp-json\/wp\/v2\/comments?post=120960"}],"version-history":[{"count":1,"href":"https:\/\/www.caririemacao.com\/1\/wp-json\/wp\/v2\/posts\/120960\/revisions"}],"predecessor-version":[{"id":120962,"href":"https:\/\/www.caririemacao.com\/1\/wp-json\/wp\/v2\/posts\/120960\/revisions\/120962"}],"wp:featuredmedia":[{"embeddable":true,"href":"https:\/\/www.caririemacao.com\/1\/wp-json\/wp\/v2\/media\/120961"}],"wp:attachment":[{"href":"https:\/\/www.caririemacao.com\/1\/wp-json\/wp\/v2\/media?parent=120960"}],"wp:term":[{"taxonomy":"category","embeddable":true,"href":"https:\/\/www.caririemacao.com\/1\/wp-json\/wp\/v2\/categories?post=120960"},{"taxonomy":"post_tag","embeddable":true,"href":"https:\/\/www.caririemacao.com\/1\/wp-json\/wp\/v2\/tags?post=120960"}],"curies":[{"name":"wp","href":"https:\/\/api.w.org\/{rel}","templated":true}]}}