{"id":120972,"date":"2019-09-27T08:01:34","date_gmt":"2019-09-27T11:01:34","guid":{"rendered":"http:\/\/www.caririemacao.com\/1\/?p=120972"},"modified":"2019-09-27T08:01:34","modified_gmt":"2019-09-27T11:01:34","slug":"uniao-europeia-eleva-lista-de-sancoes-contra-a-venezuela","status":"publish","type":"post","link":"https:\/\/www.caririemacao.com\/1\/2019\/09\/27\/uniao-europeia-eleva-lista-de-sancoes-contra-a-venezuela\/","title":{"rendered":"Uni\u00e3o Europeia eleva lista de san\u00e7\u00f5es contra a Venezuela"},"content":{"rendered":"\n<p><br>O Conselho Europeu da Uni\u00e3o Europeia (UE) anunciou hoje (27) que acrescentou \u00e0 lista de san\u00e7\u00f5es &#8220;sete membros das for\u00e7as de seguran\u00e7a e dos servi\u00e7os de informa\u00e7\u00e3o da Venezuela&#8221;. Para dar resposta \u00e0 &#8220;emerg\u00eancia humanit\u00e1ria&#8221;, a UE prev\u00ea a realiza\u00e7\u00e3o de uma confer\u00eancia internacional em outubro.<\/p>\n\n\n\n<p>As medidas restritivas, anunciadas em comunicado, &#8220;passam pela proibi\u00e7\u00e3o de viajar e pelo congelamento dos bens&#8221;. O Conselho da UE incluiu na lista das san\u00e7\u00f5es pessoas &#8220;envolvidas em atos de tortura e outras viola\u00e7\u00f5es graves dos direitos humanos&#8221;, das quais quatro est\u00e3o associadas \u00e0 morte do capit\u00e3o da marinha Rafael Acosta Ar\u00e9valo.<\/p>\n\n\n\n<figure class=\"wp-block-image\"><img decoding=\"async\" data-src=\"http:\/\/imagens.ebc.com.br\/2sYjLV8enov26T6fQJ5_-zOJckY=\/754x0\/smart\/http:\/\/agenciabrasil.ebc.com.br\/sites\/default\/files\/thumbnails\/image\/reuterscarlos_garcia_rawlins.jpg?itok=uUrwmOEn\" alt=\"Venezuela, golpe, manifesta\u00e7\u00f5es\" src=\"data:image\/svg+xml;base64,PHN2ZyB3aWR0aD0iMSIgaGVpZ2h0PSIxIiB4bWxucz0iaHR0cDovL3d3dy53My5vcmcvMjAwMC9zdmciPjwvc3ZnPg==\" class=\"lazyload\" \/><\/figure>\n\n\n\n<p>Crise na Venezuela tem repercuss\u00e3o internacional e causa aplica\u00e7\u00e3o de san\u00e7\u00f5es&nbsp;&nbsp;<strong>(C<\/strong><strong>arlos Garcia Rawlins\/Reuters\/direitos reservados)<\/strong><\/p>\n\n\n\n<p>Esta decis\u00e3o da Uni\u00e3o Europeia faz &#8220;subir para 25 o n\u00famero total de pessoas objeto de san\u00e7\u00f5es face \u00e0 situa\u00e7\u00e3o na Venezuela&#8221;, e d\u00e1 &#8220;prosseguimento direto \u00e0 declara\u00e7\u00e3o emitida pela Alta Representante, em nome da UE&#8221;, em julho.<\/p>\n\n\n\n<h2 class=\"wp-block-heading\">Tortura<\/h2>\n\n\n\n<p>A Alta Representante da UE para a Pol\u00edtica Externa, Frederica Mogherini, anunciou em julho, que os estados-membros estavam prontos para come\u00e7ar a trabalhar no sentido de aplicar medidas espec\u00edficas aos membros das for\u00e7as de seguran\u00e7a envolvidos em atos de tortura e outras viola\u00e7\u00f5es graves dos Direitos Humanos na Venezuela.<\/p>\n\n\n\n<p>O relat\u00f3rio da Comiss\u00e1ria da Organiza\u00e7\u00e3o das Na\u00e7\u00f5es Unidas (ONU) para os Direitos Humanos, Michelle Bachelet, \u00e9 confirmado nessa declara\u00e7\u00e3o e sublinha a &#8220;dimens\u00e3o e a gravidade das viola\u00e7\u00f5es dos direitos humanos, a eros\u00e3o do estado de direito e o desmantelamento das institui\u00e7\u00f5es democr\u00e1ticas na Venezuela&#8221; e ainda a &#8220;tr\u00e1gica morte do capit\u00e3o Acosta Ar\u00e9valo&#8221;, que se encontrava sob cust\u00f3dia pelas for\u00e7as de seguran\u00e7a venezuelanas.<\/p>\n\n\n\n<p>&#8220;Dada a gravidade da situa\u00e7\u00e3o exposta no relat\u00f3rio da comiss\u00e1ria, a UE est\u00e1 pronta para iniciar a prepara\u00e7\u00e3o de medidas espec\u00edficas e aplicar aos elementos das for\u00e7as de seguran\u00e7a [da Venezuela] implicados em pr\u00e1ticas de tortura e outras viola\u00e7\u00f5es graves dos Direitos Humanos&#8221;, disse a declara\u00e7\u00e3o da representante da UE.<\/p>\n","protected":false},"excerpt":{"rendered":"<p>O Conselho Europeu da Uni\u00e3o Europeia (UE) anunciou hoje (27) que acrescentou \u00e0 lista de san\u00e7\u00f5es &#8220;sete membros das for\u00e7as de seguran\u00e7a e dos servi\u00e7os&hellip; <\/p>\n","protected":false},"author":1,"featured_media":86376,"comment_status":"closed","ping_status":"closed","sticky":false,"template":"","format":"standard","meta":{"sfsi_plus_gutenberg_text_before_share":"","sfsi_plus_gutenberg_show_text_before_share":"","sfsi_plus_gutenberg_icon_type":"","sfsi_plus_gutenberg_icon_alignemt":"","sfsi_plus_gutenburg_max_per_row":"","footnotes":""},"categories":[2],"tags":[],"class_list":["post-120972","post","type-post","status-publish","format-standard","has-post-thumbnail","hentry","category-geral"],"_links":{"self":[{"href":"https:\/\/www.caririemacao.com\/1\/wp-json\/wp\/v2\/posts\/120972","targetHints":{"allow":["GET"]}}],"collection":[{"href":"https:\/\/www.caririemacao.com\/1\/wp-json\/wp\/v2\/posts"}],"about":[{"href":"https:\/\/www.caririemacao.com\/1\/wp-json\/wp\/v2\/types\/post"}],"author":[{"embeddable":true,"href":"https:\/\/www.caririemacao.com\/1\/wp-json\/wp\/v2\/users\/1"}],"replies":[{"embeddable":true,"href":"https:\/\/www.caririemacao.com\/1\/wp-json\/wp\/v2\/comments?post=120972"}],"version-history":[{"count":1,"href":"https:\/\/www.caririemacao.com\/1\/wp-json\/wp\/v2\/posts\/120972\/revisions"}],"predecessor-version":[{"id":120974,"href":"https:\/\/www.caririemacao.com\/1\/wp-json\/wp\/v2\/posts\/120972\/revisions\/120974"}],"wp:featuredmedia":[{"embeddable":true,"href":"https:\/\/www.caririemacao.com\/1\/wp-json\/wp\/v2\/media\/86376"}],"wp:attachment":[{"href":"https:\/\/www.caririemacao.com\/1\/wp-json\/wp\/v2\/media?parent=120972"}],"wp:term":[{"taxonomy":"category","embeddable":true,"href":"https:\/\/www.caririemacao.com\/1\/wp-json\/wp\/v2\/categories?post=120972"},{"taxonomy":"post_tag","embeddable":true,"href":"https:\/\/www.caririemacao.com\/1\/wp-json\/wp\/v2\/tags?post=120972"}],"curies":[{"name":"wp","href":"https:\/\/api.w.org\/{rel}","templated":true}]}}