{"id":120981,"date":"2019-09-27T08:05:12","date_gmt":"2019-09-27T11:05:12","guid":{"rendered":"http:\/\/www.caririemacao.com\/1\/?p=120981"},"modified":"2019-09-27T10:43:11","modified_gmt":"2019-09-27T13:43:11","slug":"condutores-da-frota-municipal-participam-de-qualificacao-e-recebem-certificados-em-monteiro","status":"publish","type":"post","link":"https:\/\/www.caririemacao.com\/1\/2019\/09\/27\/condutores-da-frota-municipal-participam-de-qualificacao-e-recebem-certificados-em-monteiro\/","title":{"rendered":"Condutores da frota municipal participam de qualifica\u00e7\u00e3o e recebe certificados em Monteiro"},"content":{"rendered":"\n<p> Todos os condutores da frota municipal ligados \u00e0 educa\u00e7\u00e3o participaram de um curso de qualifica\u00e7\u00e3o oferecido pela Prefeitura Municipal.<br>O Curso Especializado para Condutores de Ve\u00edculos Escolares aconteceu&nbsp; no m\u00eas de maio e contou com 50 horas sob a tutoria do SEST\/SENAT e \u00e9 v\u00e1lido at\u00e9 2024 e \u00e9 um dos requisitos exigidos durante as inspe\u00e7\u00f5es aos ve\u00edculos.<br>Ao todo 23 motoristas contam com a qualifica\u00e7\u00e3o, ou seja, todos os motoristas da frota municipal est\u00e3o devidamente preparados. A prefeita Anna Lorena ainda assegurou que est\u00e1 em busca de recursos para oferecer o benef\u00edcio tamb\u00e9m aos agregados.<br>\u201cPretendemos oferecer o maior n\u00famero de qualifica\u00e7\u00f5es ao funcionalismo municipal, principalmente aos nossos condutores. Estamos muito felizes em participar deste momento promovendo cursos para os funcion\u00e1rios e mais seguran\u00e7a para nossos alunos\u201d, comenta a gestora municipal.<br><\/p>\n","protected":false},"excerpt":{"rendered":"<p>Todos os condutores da frota municipal ligados \u00e0 educa\u00e7\u00e3o participaram de um curso de qualifica\u00e7\u00e3o oferecido pela Prefeitura Municipal.O Curso Especializado para Condutores de Ve\u00edculos&hellip; <\/p>\n","protected":false},"author":1,"featured_media":120983,"comment_status":"closed","ping_status":"closed","sticky":false,"template":"","format":"standard","meta":{"sfsi_plus_gutenberg_text_before_share":"","sfsi_plus_gutenberg_show_text_before_share":"","sfsi_plus_gutenberg_icon_type":"","sfsi_plus_gutenberg_icon_alignemt":"","sfsi_plus_gutenburg_max_per_row":"","footnotes":""},"categories":[6],"tags":[],"class_list":["post-120981","post","type-post","status-publish","format-standard","has-post-thumbnail","hentry","category-cidades"],"_links":{"self":[{"href":"https:\/\/www.caririemacao.com\/1\/wp-json\/wp\/v2\/posts\/120981","targetHints":{"allow":["GET"]}}],"collection":[{"href":"https:\/\/www.caririemacao.com\/1\/wp-json\/wp\/v2\/posts"}],"about":[{"href":"https:\/\/www.caririemacao.com\/1\/wp-json\/wp\/v2\/types\/post"}],"author":[{"embeddable":true,"href":"https:\/\/www.caririemacao.com\/1\/wp-json\/wp\/v2\/users\/1"}],"replies":[{"embeddable":true,"href":"https:\/\/www.caririemacao.com\/1\/wp-json\/wp\/v2\/comments?post=120981"}],"version-history":[{"count":2,"href":"https:\/\/www.caririemacao.com\/1\/wp-json\/wp\/v2\/posts\/120981\/revisions"}],"predecessor-version":[{"id":121061,"href":"https:\/\/www.caririemacao.com\/1\/wp-json\/wp\/v2\/posts\/120981\/revisions\/121061"}],"wp:featuredmedia":[{"embeddable":true,"href":"https:\/\/www.caririemacao.com\/1\/wp-json\/wp\/v2\/media\/120983"}],"wp:attachment":[{"href":"https:\/\/www.caririemacao.com\/1\/wp-json\/wp\/v2\/media?parent=120981"}],"wp:term":[{"taxonomy":"category","embeddable":true,"href":"https:\/\/www.caririemacao.com\/1\/wp-json\/wp\/v2\/categories?post=120981"},{"taxonomy":"post_tag","embeddable":true,"href":"https:\/\/www.caririemacao.com\/1\/wp-json\/wp\/v2\/tags?post=120981"}],"curies":[{"name":"wp","href":"https:\/\/api.w.org\/{rel}","templated":true}]}}