{"id":120993,"date":"2019-09-27T08:11:27","date_gmt":"2019-09-27T11:11:27","guid":{"rendered":"http:\/\/www.caririemacao.com\/1\/?p=120993"},"modified":"2019-09-27T08:11:27","modified_gmt":"2019-09-27T11:11:27","slug":"comecou-em-sao-sebastiao-do-umbuzeiro-a-ii-expossu","status":"publish","type":"post","link":"https:\/\/www.caririemacao.com\/1\/2019\/09\/27\/comecou-em-sao-sebastiao-do-umbuzeiro-a-ii-expossu\/","title":{"rendered":"Come\u00e7ou em S\u00e3o Sebasti\u00e3o do Umbuzeiro a II EXPOSSU"},"content":{"rendered":"\n<figure class=\"wp-block-image\"><a href=\"https:\/\/1.bp.blogspot.com\/-ZGpC7-myBSA\/XY3i4DT0KNI\/AAAAAAAAGkY\/pBsRcROWvIsyi2DrkpqAdMfUJuQ0DKxXgCLcBGAsYHQ\/s1600\/DSC06201.jpg\"><img decoding=\"async\" data-src=\"https:\/\/1.bp.blogspot.com\/-ZGpC7-myBSA\/XY3i4DT0KNI\/AAAAAAAAGkY\/pBsRcROWvIsyi2DrkpqAdMfUJuQ0DKxXgCLcBGAsYHQ\/s280\/DSC06201.jpg\" alt=\"\" src=\"data:image\/svg+xml;base64,PHN2ZyB3aWR0aD0iMSIgaGVpZ2h0PSIxIiB4bWxucz0iaHR0cDovL3d3dy53My5vcmcvMjAwMC9zdmciPjwvc3ZnPg==\" class=\"lazyload\" \/><\/a><\/figure>\n\n\n\n<figure class=\"wp-block-image\"><a href=\"https:\/\/1.bp.blogspot.com\/-e51n2z3nniU\/XY3i4HjASxI\/AAAAAAAAGkc\/rDPT1upkGFkKAfTts8yTsiYpz8DLXbSDQCLcBGAsYHQ\/s1600\/DSC06212.jpg\"><img decoding=\"async\" data-src=\"https:\/\/1.bp.blogspot.com\/-e51n2z3nniU\/XY3i4HjASxI\/AAAAAAAAGkc\/rDPT1upkGFkKAfTts8yTsiYpz8DLXbSDQCLcBGAsYHQ\/s280\/DSC06212.jpg\" alt=\"\" src=\"data:image\/svg+xml;base64,PHN2ZyB3aWR0aD0iMSIgaGVpZ2h0PSIxIiB4bWxucz0iaHR0cDovL3d3dy53My5vcmcvMjAwMC9zdmciPjwvc3ZnPg==\" class=\"lazyload\" \/><\/a><\/figure>\n\n\n\n<p>A Prefeitura Municipal de S\u00e3o Sebasti\u00e3o do Umbuzeiro, iniciou nesta quinta-feira dia 26 de setembro, a II EXPOSSU, o evento prometem movimentar o com\u00e9rcio do munic\u00edpio e atrair muitos visitantes.A II EXPOSSU conta com exposi\u00e7\u00e3o de animais, cursos, oficinas, assinatura de contratos do AGROAMIGO, concurso de animais, e Show Musical com Banda Farra 1000 e Edy &amp; Nathan.<\/p>\n\n\n\n<p>Segundo o prefeito Adriano Wolff, a EXPOSSU, entrou no calend\u00e1rio do munic\u00edpio, permitindo que os produtores locais possam expor o seu rebanho. \u201c\u00c9 muito importante para o produtor do munic\u00edpio expor os seus animais e mostrar a potencialidade do seu rebanho, falou o prefeito.Com BLOG DO DIDI<\/p>\n","protected":false},"excerpt":{"rendered":"<p>A Prefeitura Municipal de S\u00e3o Sebasti\u00e3o do Umbuzeiro, iniciou nesta quinta-feira dia 26 de setembro, a II EXPOSSU, o evento prometem movimentar o com\u00e9rcio do&hellip; <\/p>\n","protected":false},"author":1,"featured_media":120994,"comment_status":"closed","ping_status":"closed","sticky":false,"template":"","format":"standard","meta":{"sfsi_plus_gutenberg_text_before_share":"","sfsi_plus_gutenberg_show_text_before_share":"","sfsi_plus_gutenberg_icon_type":"","sfsi_plus_gutenberg_icon_alignemt":"","sfsi_plus_gutenburg_max_per_row":"","footnotes":""},"categories":[2],"tags":[],"class_list":["post-120993","post","type-post","status-publish","format-standard","has-post-thumbnail","hentry","category-geral"],"_links":{"self":[{"href":"https:\/\/www.caririemacao.com\/1\/wp-json\/wp\/v2\/posts\/120993","targetHints":{"allow":["GET"]}}],"collection":[{"href":"https:\/\/www.caririemacao.com\/1\/wp-json\/wp\/v2\/posts"}],"about":[{"href":"https:\/\/www.caririemacao.com\/1\/wp-json\/wp\/v2\/types\/post"}],"author":[{"embeddable":true,"href":"https:\/\/www.caririemacao.com\/1\/wp-json\/wp\/v2\/users\/1"}],"replies":[{"embeddable":true,"href":"https:\/\/www.caririemacao.com\/1\/wp-json\/wp\/v2\/comments?post=120993"}],"version-history":[{"count":1,"href":"https:\/\/www.caririemacao.com\/1\/wp-json\/wp\/v2\/posts\/120993\/revisions"}],"predecessor-version":[{"id":120995,"href":"https:\/\/www.caririemacao.com\/1\/wp-json\/wp\/v2\/posts\/120993\/revisions\/120995"}],"wp:featuredmedia":[{"embeddable":true,"href":"https:\/\/www.caririemacao.com\/1\/wp-json\/wp\/v2\/media\/120994"}],"wp:attachment":[{"href":"https:\/\/www.caririemacao.com\/1\/wp-json\/wp\/v2\/media?parent=120993"}],"wp:term":[{"taxonomy":"category","embeddable":true,"href":"https:\/\/www.caririemacao.com\/1\/wp-json\/wp\/v2\/categories?post=120993"},{"taxonomy":"post_tag","embeddable":true,"href":"https:\/\/www.caririemacao.com\/1\/wp-json\/wp\/v2\/tags?post=120993"}],"curies":[{"name":"wp","href":"https:\/\/api.w.org\/{rel}","templated":true}]}}