{"id":121011,"date":"2019-09-27T10:25:17","date_gmt":"2019-09-27T13:25:17","guid":{"rendered":"http:\/\/www.caririemacao.com\/1\/?p=121011"},"modified":"2019-09-27T10:25:17","modified_gmt":"2019-09-27T13:25:17","slug":"pagamento-do-funcionalismo-municipal-de-monteiro-tem-inicio-nesta-sexta","status":"publish","type":"post","link":"https:\/\/www.caririemacao.com\/1\/2019\/09\/27\/pagamento-do-funcionalismo-municipal-de-monteiro-tem-inicio-nesta-sexta\/","title":{"rendered":"Pagamento do funcionalismo municipal de Monteiro tem in\u00edcio nesta sexta"},"content":{"rendered":"\n<p>A Prefeitura de Monteiro inicia o pagamento do funcionalismo municipal nesta sexta-feira, 27.<\/p>\n\n\n\n<p>Conforme o cronograma que j\u00e1 vem sendo aplicado, primeiramente recebem os pensionistas e inativos. A sequ\u00eancia do pagamento ser\u00e1 retomado na segunda-feira dia 30 com os vencimentos da equipe da educa\u00e7\u00e3o.<\/p>\n\n\n\n<p>Na ter\u00e7a-feira, recebem os demais funcion\u00e1rios. A Secretaria de Finan\u00e7as ainda informa que o saque pode ser efetuado a partir das 12 horas (meio-dia) conforme protocolos do pr\u00f3prio banco.<\/p>\n\n\n\n<p>Ao todo ser\u00e3o pagos mais de 2 milh\u00f5es de reais, injetados na economia do munic\u00edpio<\/p>\n","protected":false},"excerpt":{"rendered":"<p>A Prefeitura de Monteiro inicia o pagamento do funcionalismo municipal nesta sexta-feira, 27. Conforme o cronograma que j\u00e1 vem sendo aplicado, primeiramente recebem os pensionistas&hellip; <\/p>\n","protected":false},"author":1,"featured_media":109867,"comment_status":"closed","ping_status":"closed","sticky":false,"template":"","format":"standard","meta":{"sfsi_plus_gutenberg_text_before_share":"","sfsi_plus_gutenberg_show_text_before_share":"","sfsi_plus_gutenberg_icon_type":"","sfsi_plus_gutenberg_icon_alignemt":"","sfsi_plus_gutenburg_max_per_row":"","footnotes":""},"categories":[50,2],"tags":[],"class_list":["post-121011","post","type-post","status-publish","format-standard","has-post-thumbnail","hentry","category-destaque","category-geral"],"_links":{"self":[{"href":"https:\/\/www.caririemacao.com\/1\/wp-json\/wp\/v2\/posts\/121011","targetHints":{"allow":["GET"]}}],"collection":[{"href":"https:\/\/www.caririemacao.com\/1\/wp-json\/wp\/v2\/posts"}],"about":[{"href":"https:\/\/www.caririemacao.com\/1\/wp-json\/wp\/v2\/types\/post"}],"author":[{"embeddable":true,"href":"https:\/\/www.caririemacao.com\/1\/wp-json\/wp\/v2\/users\/1"}],"replies":[{"embeddable":true,"href":"https:\/\/www.caririemacao.com\/1\/wp-json\/wp\/v2\/comments?post=121011"}],"version-history":[{"count":1,"href":"https:\/\/www.caririemacao.com\/1\/wp-json\/wp\/v2\/posts\/121011\/revisions"}],"predecessor-version":[{"id":121013,"href":"https:\/\/www.caririemacao.com\/1\/wp-json\/wp\/v2\/posts\/121011\/revisions\/121013"}],"wp:featuredmedia":[{"embeddable":true,"href":"https:\/\/www.caririemacao.com\/1\/wp-json\/wp\/v2\/media\/109867"}],"wp:attachment":[{"href":"https:\/\/www.caririemacao.com\/1\/wp-json\/wp\/v2\/media?parent=121011"}],"wp:term":[{"taxonomy":"category","embeddable":true,"href":"https:\/\/www.caririemacao.com\/1\/wp-json\/wp\/v2\/categories?post=121011"},{"taxonomy":"post_tag","embeddable":true,"href":"https:\/\/www.caririemacao.com\/1\/wp-json\/wp\/v2\/tags?post=121011"}],"curies":[{"name":"wp","href":"https:\/\/api.w.org\/{rel}","templated":true}]}}