{"id":121018,"date":"2019-09-27T10:27:05","date_gmt":"2019-09-27T13:27:05","guid":{"rendered":"http:\/\/www.caririemacao.com\/1\/?p=121018"},"modified":"2019-09-27T10:27:05","modified_gmt":"2019-09-27T13:27:05","slug":"mulher-e-assaltada-ao-levar-filho-a-escola-em-cidade-do-cariri","status":"publish","type":"post","link":"https:\/\/www.caririemacao.com\/1\/2019\/09\/27\/mulher-e-assaltada-ao-levar-filho-a-escola-em-cidade-do-cariri\/","title":{"rendered":"Mulher \u00e9 assaltada ao levar filho a escola em cidade do Cariri"},"content":{"rendered":"\n<p>Um assalto em pleno a luz do dia foi registrado no in\u00edcio da tarde desta quinta-feira(26), no munic\u00edpio de Assun\u00e7\u00e3o, Cariri da Para\u00edba.A v\u00edtima foi a senhora Sibele Gonzaga de Ara\u00fajo, \u201cSibele de Gu\u00eaga\u201d. O fato ocorreu por volta das 13h na Rua Joana M\u00aa da Concei\u00e7\u00e3o, uma das principais ruas da cidade.A v\u00edtima contou a nossa reportagem, que seguia juntamente como seu filho de apenas 8 anos de idade para a escola, quando repentinamente, dois indiv\u00edduos ocupando uma moto Honda Bros de cor vermelha, se aproximaram e anunciaram o assalto, levando o seu aparelho celular.Sibele afirmou que apenas um dos ocupantes usava capacete no momento do crime, ap\u00f3s cometer o ato, os indiv\u00edduos tomaram rumo ignorado.A pol\u00edcia foi acionada e ap\u00f3s in\u00fameras rondas nas ruas da cidade, n\u00e3o conseguiu capturar nenhum indiv\u00edduo.<\/p>\n\n\n\n<p><em>Erivaldo Guedes<\/em><\/p>\n","protected":false},"excerpt":{"rendered":"<p>Um assalto em pleno a luz do dia foi registrado no in\u00edcio da tarde desta quinta-feira(26), no munic\u00edpio de Assun\u00e7\u00e3o, Cariri da Para\u00edba.A v\u00edtima foi&hellip; <\/p>\n","protected":false},"author":1,"featured_media":25307,"comment_status":"closed","ping_status":"closed","sticky":false,"template":"","format":"standard","meta":{"sfsi_plus_gutenberg_text_before_share":"","sfsi_plus_gutenberg_show_text_before_share":"","sfsi_plus_gutenberg_icon_type":"","sfsi_plus_gutenberg_icon_alignemt":"","sfsi_plus_gutenburg_max_per_row":"","footnotes":""},"categories":[50,12],"tags":[],"class_list":["post-121018","post","type-post","status-publish","format-standard","has-post-thumbnail","hentry","category-destaque","category-policia"],"_links":{"self":[{"href":"https:\/\/www.caririemacao.com\/1\/wp-json\/wp\/v2\/posts\/121018","targetHints":{"allow":["GET"]}}],"collection":[{"href":"https:\/\/www.caririemacao.com\/1\/wp-json\/wp\/v2\/posts"}],"about":[{"href":"https:\/\/www.caririemacao.com\/1\/wp-json\/wp\/v2\/types\/post"}],"author":[{"embeddable":true,"href":"https:\/\/www.caririemacao.com\/1\/wp-json\/wp\/v2\/users\/1"}],"replies":[{"embeddable":true,"href":"https:\/\/www.caririemacao.com\/1\/wp-json\/wp\/v2\/comments?post=121018"}],"version-history":[{"count":1,"href":"https:\/\/www.caririemacao.com\/1\/wp-json\/wp\/v2\/posts\/121018\/revisions"}],"predecessor-version":[{"id":121020,"href":"https:\/\/www.caririemacao.com\/1\/wp-json\/wp\/v2\/posts\/121018\/revisions\/121020"}],"wp:featuredmedia":[{"embeddable":true,"href":"https:\/\/www.caririemacao.com\/1\/wp-json\/wp\/v2\/media\/25307"}],"wp:attachment":[{"href":"https:\/\/www.caririemacao.com\/1\/wp-json\/wp\/v2\/media?parent=121018"}],"wp:term":[{"taxonomy":"category","embeddable":true,"href":"https:\/\/www.caririemacao.com\/1\/wp-json\/wp\/v2\/categories?post=121018"},{"taxonomy":"post_tag","embeddable":true,"href":"https:\/\/www.caririemacao.com\/1\/wp-json\/wp\/v2\/tags?post=121018"}],"curies":[{"name":"wp","href":"https:\/\/api.w.org\/{rel}","templated":true}]}}