{"id":121027,"date":"2019-09-27T10:30:40","date_gmt":"2019-09-27T13:30:40","guid":{"rendered":"http:\/\/www.caririemacao.com\/1\/?p=121027"},"modified":"2019-09-27T10:30:40","modified_gmt":"2019-09-27T13:30:40","slug":"stf-vota-a-favor-de-tese-que-pode-anular-condenacoes-da-lava-jato","status":"publish","type":"post","link":"https:\/\/www.caririemacao.com\/1\/2019\/09\/27\/stf-vota-a-favor-de-tese-que-pode-anular-condenacoes-da-lava-jato\/","title":{"rendered":"STF vota a favor de tese que pode anular condena\u00e7\u00f5es da Lava Jato"},"content":{"rendered":"\n<p>O Supremo Tribunal Federal (STF) votou hoje (26) a favor da tese jur\u00eddica defendida por advogados de investigados na Lava Jato e que pode anular v\u00e1rias condena\u00e7\u00f5es oriundas das investiga\u00e7\u00f5es, segundo&nbsp;avalia\u00e7\u00e3o da for\u00e7a-tarefa de procuradores que atuam na opera\u00e7\u00e3o.<\/p>\n\n\n\n<p>Por 7 votos a 3, a Corte decidiu que advogados de delatados podem apresentar as alega\u00e7\u00f5es finais,&nbsp;\u00faltima fase antes da senten\u00e7a, ap\u00f3s a manifesta\u00e7\u00e3o da defesa dos delatores. Atualmente, o prazo \u00e9 simult\u00e2neo para as duas partes, conforme o C\u00f3digo de Processo Penal (CPP). Na pr\u00e1tica, a maioria dos&nbsp;ministros entendeu que o delatado pode falar por \u00faltimo nesta fase, mesmo n\u00e3o estando previsto em lei. O entendimento foi baseado no princ\u00edpio constitucional do contradit\u00f3rio e da ampla defesa.<\/p>\n\n\n\n<p>Com a decis\u00e3o, condena\u00e7\u00f5es em que as defesas n\u00e3o falaram por \u00faltimo na etapa final do processo poder\u00e3o ser anuladas, e o processo dever\u00e1 voltar \u00e0 fase de alega\u00e7\u00f5es finais na primeira inst\u00e2ncia da Justi\u00e7a. A repercuss\u00e3o da decis\u00e3o nos casos que est\u00e3o em tramita\u00e7\u00e3o em todo o pa\u00eds dever\u00e1 ser decidida pela Corte na semana que vem.<\/p>\n\n\n\n<p><em>Com Ag\u00eancia Brasil<\/em><\/p>\n","protected":false},"excerpt":{"rendered":"<p>O Supremo Tribunal Federal (STF) votou hoje (26) a favor da tese jur\u00eddica defendida por advogados de investigados na Lava Jato e que pode anular&hellip; <\/p>\n","protected":false},"author":1,"featured_media":87295,"comment_status":"closed","ping_status":"closed","sticky":false,"template":"","format":"standard","meta":{"sfsi_plus_gutenberg_text_before_share":"","sfsi_plus_gutenberg_show_text_before_share":"","sfsi_plus_gutenberg_icon_type":"","sfsi_plus_gutenberg_icon_alignemt":"","sfsi_plus_gutenburg_max_per_row":"","footnotes":""},"categories":[11],"tags":[],"class_list":["post-121027","post","type-post","status-publish","format-standard","has-post-thumbnail","hentry","category-politica"],"_links":{"self":[{"href":"https:\/\/www.caririemacao.com\/1\/wp-json\/wp\/v2\/posts\/121027","targetHints":{"allow":["GET"]}}],"collection":[{"href":"https:\/\/www.caririemacao.com\/1\/wp-json\/wp\/v2\/posts"}],"about":[{"href":"https:\/\/www.caririemacao.com\/1\/wp-json\/wp\/v2\/types\/post"}],"author":[{"embeddable":true,"href":"https:\/\/www.caririemacao.com\/1\/wp-json\/wp\/v2\/users\/1"}],"replies":[{"embeddable":true,"href":"https:\/\/www.caririemacao.com\/1\/wp-json\/wp\/v2\/comments?post=121027"}],"version-history":[{"count":1,"href":"https:\/\/www.caririemacao.com\/1\/wp-json\/wp\/v2\/posts\/121027\/revisions"}],"predecessor-version":[{"id":121029,"href":"https:\/\/www.caririemacao.com\/1\/wp-json\/wp\/v2\/posts\/121027\/revisions\/121029"}],"wp:featuredmedia":[{"embeddable":true,"href":"https:\/\/www.caririemacao.com\/1\/wp-json\/wp\/v2\/media\/87295"}],"wp:attachment":[{"href":"https:\/\/www.caririemacao.com\/1\/wp-json\/wp\/v2\/media?parent=121027"}],"wp:term":[{"taxonomy":"category","embeddable":true,"href":"https:\/\/www.caririemacao.com\/1\/wp-json\/wp\/v2\/categories?post=121027"},{"taxonomy":"post_tag","embeddable":true,"href":"https:\/\/www.caririemacao.com\/1\/wp-json\/wp\/v2\/tags?post=121027"}],"curies":[{"name":"wp","href":"https:\/\/api.w.org\/{rel}","templated":true}]}}