{"id":121039,"date":"2019-09-27T10:35:03","date_gmt":"2019-09-27T13:35:03","guid":{"rendered":"http:\/\/www.caririemacao.com\/1\/?p=121039"},"modified":"2019-09-27T10:35:03","modified_gmt":"2019-09-27T13:35:03","slug":"athletico-paranaense-vira-na-arena-e-goleia-fortaleza","status":"publish","type":"post","link":"https:\/\/www.caririemacao.com\/1\/2019\/09\/27\/athletico-paranaense-vira-na-arena-e-goleia-fortaleza\/","title":{"rendered":"Athletico paranaense vira na Arena e goleia Fortaleza"},"content":{"rendered":"\n<p>O clima era de festa. O Athletico jogava na Arena da Baixada -para uma partida oficial- pela primeira vez desde o in\u00e9dito t\u00edtulo da Copa do Brasil, na semana passada. E tudo voltou a dar certo na casa rubro-negra na noite desta quinta-feira (26). Apesar de sair atr\u00e1s no placar, o time de Tiago Nunes conseguiu se impor e, aos gritos de \u2018\u00e9 campe\u00e3o\u2019, virou sobre o Fortaleza para vencer a partida, v\u00e1lida pela 21\u00aa rodada do Campeonato Brasileiro. Com gols de Marco Ruben, Nik\u00e3o, L\u00e9o Cittadini e Marcelo Cirino, ganhou por 4 a 1. Wellington Paulista, de p\u00eanalti, fez o tento tricolor.<\/p>\n\n\n\n<p>Com o resultado, o Athletico, que j\u00e1 tem vaga na fase de grupos da Libertadores 2020 garantida por conta da conquista da Copa do Brasil, chega aos 30 pontos e fica a cinco pontos do G-6, ocupando a nona coloca\u00e7\u00e3o. J\u00e1 o Fortaleza chega a quatro jogos sem vit\u00f3rias, estaciona nos 22 pontos e continua perto da zona de rebaixamento.<\/p>\n\n\n\n<p>O Athletico tem agora mais um jogo na Arena da Baixada, domingo (29), quando recebe a Chapecoense \u00e0s 19h, pela 22\u00aa rodada. O Fortaleza entra em campo um dia depois, na segunda-feira (30), para receber o Botafogo na Arena Castel\u00e3o, \u00e0s 20h.<\/p>\n\n\n\n<p>Um escanteio aos 8min deu origem a um p\u00eanalti a favor do Fortaleza. Depois de a bola pegar na m\u00e3o de L\u00e9o Pereira, o \u00e1rbitro Vinicius Gomes do Amaral revisou o lance na tela do VAR e assinou a penalidade. Wellington Paulista deslocou Santos e chegou ao sexto gol no Brasileir\u00e3o.<\/p>\n\n\n\n<p>Em cima do Fortaleza desde o gol sofrido, o Athletico conseguiu chegar ao empate aos 32min. Roney cruzou da esquerda, Marco Ruben esticou a perna para empurrar para as redes. 1 a 1. E foi mais uma vez pela esquerda, com Rony, que o time da casa chegou \u00e0 virada. Ele foi costurando e, ap\u00f3s deixar a bola escapar, L\u00e9o Cittadini tocou para Nik\u00e3o, que, de dentro da \u00e1rea, finalizou de esquerdo no canto. 2 a 1.<\/p>\n\n\n\n<p>L\u00e9o Cittadini vem se firmando cada vez mais no meio-campo do Athletico. O meio-campista acumulou mais uma boa atua\u00e7\u00e3o. Al\u00e9m da assist\u00eancia para o gol de Nik\u00e3o, Cittadini ampliou na Arena da Baixada com um gol de artilheiro. Ap\u00f3s escanteio da direita e desvio de Nik\u00e3o, ele apareceu dentro da pequena \u00e1rea para empurrar a bola para as redes. 3 a 1, e festa na Arena. Mais uma.<\/p>\n\n\n\n<p>Respons\u00e1vel por uma jogada de cinema que originou o gol do t\u00edtulo da Copa do Brasil, Marcelo Cirino completou a festa na Arena da Baixada. Ap\u00f3s chute no travess\u00e3o, o atacante n\u00e3o perdoou e fechou a conta.<\/p>\n\n\n\n<p>ATHLETICO<br>Santos; Madson, Lucas Halter, L\u00e9o Pereira, M\u00e1rcio Azevedo; Wellington (Lucho Gonz\u00e1lez), Bruno Guimar\u00e3es, L\u00e9o Cittadini; Nik\u00e3o, Rony (Marcelo Cirino), Marco Ruben (Thonny Anderson). T.: Tiago Nunes<\/p>\n\n\n\n<p>FORTALEZA<br>Marcelo Boeck; Tinga, Jackson, Quintero (Nathan), Carlinhos; Juninho, Gabriel Dias, Matheus Vargas (Araruna); Romarinho, Felipe Pires (Marlon), Wellington Paulista. T.: Z\u00e9 Ricardo<\/p>\n\n\n\n<p>Est\u00e1dio: Arena da Baixada, em Curitiba (PR)<br>Juiz: Vinicius Gomes do Amaral (RS)<br>Cart\u00f5es amarelos: Wellington, L\u00e9o Pereira, Thonny Anderson (Athletico)<br>Gols: Wellington Paulista, aos 9min do primeiro tempo (Fortaleza; Marco Ruben, aos 32min, e Nik\u00e3o, aos 48min do primeiro tempo, L\u00e9o Cittadini, aos 15min, e Marcelo Cirino, aos 48min do segundo tempo (Athletico)<\/p>\n","protected":false},"excerpt":{"rendered":"<p>O clima era de festa. O Athletico jogava na Arena da Baixada -para uma partida oficial- pela primeira vez desde o in\u00e9dito t\u00edtulo da Copa&hellip; <\/p>\n","protected":false},"author":1,"featured_media":121041,"comment_status":"closed","ping_status":"closed","sticky":false,"template":"","format":"standard","meta":{"sfsi_plus_gutenberg_text_before_share":"","sfsi_plus_gutenberg_show_text_before_share":"","sfsi_plus_gutenberg_icon_type":"","sfsi_plus_gutenberg_icon_alignemt":"","sfsi_plus_gutenburg_max_per_row":"","footnotes":""},"categories":[13],"tags":[],"class_list":["post-121039","post","type-post","status-publish","format-standard","has-post-thumbnail","hentry","category-esportes"],"_links":{"self":[{"href":"https:\/\/www.caririemacao.com\/1\/wp-json\/wp\/v2\/posts\/121039","targetHints":{"allow":["GET"]}}],"collection":[{"href":"https:\/\/www.caririemacao.com\/1\/wp-json\/wp\/v2\/posts"}],"about":[{"href":"https:\/\/www.caririemacao.com\/1\/wp-json\/wp\/v2\/types\/post"}],"author":[{"embeddable":true,"href":"https:\/\/www.caririemacao.com\/1\/wp-json\/wp\/v2\/users\/1"}],"replies":[{"embeddable":true,"href":"https:\/\/www.caririemacao.com\/1\/wp-json\/wp\/v2\/comments?post=121039"}],"version-history":[{"count":1,"href":"https:\/\/www.caririemacao.com\/1\/wp-json\/wp\/v2\/posts\/121039\/revisions"}],"predecessor-version":[{"id":121042,"href":"https:\/\/www.caririemacao.com\/1\/wp-json\/wp\/v2\/posts\/121039\/revisions\/121042"}],"wp:featuredmedia":[{"embeddable":true,"href":"https:\/\/www.caririemacao.com\/1\/wp-json\/wp\/v2\/media\/121041"}],"wp:attachment":[{"href":"https:\/\/www.caririemacao.com\/1\/wp-json\/wp\/v2\/media?parent=121039"}],"wp:term":[{"taxonomy":"category","embeddable":true,"href":"https:\/\/www.caririemacao.com\/1\/wp-json\/wp\/v2\/categories?post=121039"},{"taxonomy":"post_tag","embeddable":true,"href":"https:\/\/www.caririemacao.com\/1\/wp-json\/wp\/v2\/tags?post=121039"}],"curies":[{"name":"wp","href":"https:\/\/api.w.org\/{rel}","templated":true}]}}