{"id":121047,"date":"2019-09-27T10:37:24","date_gmt":"2019-09-27T13:37:24","guid":{"rendered":"http:\/\/www.caririemacao.com\/1\/?p=121047"},"modified":"2019-09-27T10:37:24","modified_gmt":"2019-09-27T13:37:24","slug":"gremio-massacra-avai-com-show-de-luan-e-everton-e-encosta-de-vez-no-g4","status":"publish","type":"post","link":"https:\/\/www.caririemacao.com\/1\/2019\/09\/27\/gremio-massacra-avai-com-show-de-luan-e-everton-e-encosta-de-vez-no-g4\/","title":{"rendered":"Gr\u00eamio massacra Ava\u00ed com show de Luan e Everton e encosta de vez no G4"},"content":{"rendered":"\n<p>O Gr\u00eamio goleou o Ava\u00ed nesta quinta-feira (26), em Porto Alegre, por 6 a 1. A vit\u00f3ria avassaladora, comandada por atua\u00e7\u00e3o de luxo de Everton e Luan em jogo pela 21\u00aa rodada do Campeonato Brasileiro, deixa o time ga\u00facho colado no G4 e d\u00e1 ainda mais \u00e2nimo ao clube gremista para o duelo com o Flamengo, pela semifinal da Libertadores.<\/p>\n\n\n\n<p>Diego Tardelli, David Braz, Luan e Luciano marcaram ainda no primeiro tempo. Bruno Cortez e Andr\u00e9, na etapa final, fecharam o placar. Geg\u00ea, aos 41 minutos do segundo tempo, fez o gol de honra do Ava\u00ed.<\/p>\n\n\n\n<p>\u00c9 fato, a fragilidade do advers\u00e1rio esteve em campo o tempo todo e n\u00e3o passou despercebida. Mas tamb\u00e9m houve grande atua\u00e7\u00e3o do ataque gremista, avassalador no primeiro tempo e capaz de criar grande jogada que terminou com o gola\u00e7o de Luciano.<\/p>\n\n\n\n<p>Com a goleada na Arena do Gr\u00eamio, o time de Renato Ga\u00facho chega \u00e0 quarta vit\u00f3ria seguida no Brasileir\u00e3o. Acumula 34 pontos (dois a menos que o Inter, quarto colocado) e termina a rodada em s\u00e9timo lugar. Nesses quatro jogos com aproveitamento de 100%, o time ga\u00facho marcou 16 gols. J\u00e1 o Ava\u00ed estaciona nos 16 pontos e \u00e9 pen\u00faltimo colocado.<\/p>\n\n\n\n<p>Na pr\u00f3xima rodada, o Gr\u00eamio visita o Fluminense, e o Ava\u00ed recebe o Bahia. O time ga\u00facho atua domingo, \u00e0s 16h (hor\u00e1rio de Bras\u00edlia), no Rio de Janeiro e a equipe catarinense entra em campo na segunda-feira, \u00e0s 20h.<\/p>\n\n\n\n<p>O Gr\u00eamio demonstrou apetite e impetuosidade. O ataque conseguiu abrir espa\u00e7os facilmente e a movimenta\u00e7\u00e3o do quarteto Luciano, Luan, Everton e Diego Tardelli se mostrou letal. Apesar da goleada, o primeiro tempo n\u00e3o registrou posse de bola massacrante. A estat\u00edstica equilibrada (53% para o time ga\u00facho) refor\u00e7a o conceito de que sobrou precis\u00e3o ao tricolor.<\/p>\n\n\n\n<p>No segundo tempo o ritmo caiu, mas continuou havendo superioridade. E que superioridade. O volume rendeu gol a Bruno Cortez, com desvio no meio do caminho, e Andr\u00e9 de cabe\u00e7a. No final, ficou a impress\u00e3o de que maior press\u00e3o renderia placar ainda maior.<\/p>\n\n\n\n<p>Do outro lado havia uma defesa com cara de presa f\u00e1cil. Mesmo com estrat\u00e9gia e esfor\u00e7o, o Ava\u00ed resistiu somente quatro minutos e a partir do primeiro gol viu ruiu a atua\u00e7\u00e3o coletiva por completo. Em determinado momento, a equipe catarinense teve a bola e rodou sem objetividade. A melhor oportunidade foi um cabeceio fraco depois de cruzamento isolado da direita.<\/p>\n\n\n\n<p>GR\u00caMIO<br>Paulo Victor; Rafael Galhardo (L\u00e9o Moura), David Braz, Kannemann, Bruno Cortez; Michel, Matheus Henrique, Luciano (Andr\u00e9), Luan, Everton; Diego Tardelli (Patrick). T.: Renato Ga\u00facho<\/p>\n\n\n\n<p>AVA\u00cd<br>Vladimir (Gledson); Iury, Bet\u00e3o, Z\u00e9 Marcos, Igor Fernandes; Richard Franco (Johny Mosquera), Pedro Castro, Matheus Barbosa; Caio Paulista, Jonathan, Gustavo Ferrareis (Geg\u00ea). T.: Alberto Valentim<\/p>\n\n\n\n<p>Est\u00e1dio: Arena do Gr\u00eamio, em Porto Alegre (RS)<br>Juiz: Rodolpho Toski Marques (PR)<br>Cart\u00f5es amarelos: Jonathan (Ava\u00ed); Michel (Gr\u00eamio)<br>Gols: Diego Tardelli, aos 4min, David Braz, aos 14min, Luan, aos 37min, e Luciano, aos 44min do primeiro tempo, Cortez, aos 18min, e Andr\u00e9, aos 24min do segundo tempo (Gr\u00eamio); Geg\u00ea, aos 41min do segundo tempo (Ava\u00ed)<\/p>\n","protected":false},"excerpt":{"rendered":"<p>O Gr\u00eamio goleou o Ava\u00ed nesta quinta-feira (26), em Porto Alegre, por 6 a 1. A vit\u00f3ria avassaladora, comandada por atua\u00e7\u00e3o de luxo de Everton&hellip; <\/p>\n","protected":false},"author":1,"featured_media":121049,"comment_status":"closed","ping_status":"closed","sticky":false,"template":"","format":"standard","meta":{"sfsi_plus_gutenberg_text_before_share":"","sfsi_plus_gutenberg_show_text_before_share":"","sfsi_plus_gutenberg_icon_type":"","sfsi_plus_gutenberg_icon_alignemt":"","sfsi_plus_gutenburg_max_per_row":"","footnotes":""},"categories":[13],"tags":[],"class_list":["post-121047","post","type-post","status-publish","format-standard","has-post-thumbnail","hentry","category-esportes"],"_links":{"self":[{"href":"https:\/\/www.caririemacao.com\/1\/wp-json\/wp\/v2\/posts\/121047","targetHints":{"allow":["GET"]}}],"collection":[{"href":"https:\/\/www.caririemacao.com\/1\/wp-json\/wp\/v2\/posts"}],"about":[{"href":"https:\/\/www.caririemacao.com\/1\/wp-json\/wp\/v2\/types\/post"}],"author":[{"embeddable":true,"href":"https:\/\/www.caririemacao.com\/1\/wp-json\/wp\/v2\/users\/1"}],"replies":[{"embeddable":true,"href":"https:\/\/www.caririemacao.com\/1\/wp-json\/wp\/v2\/comments?post=121047"}],"version-history":[{"count":1,"href":"https:\/\/www.caririemacao.com\/1\/wp-json\/wp\/v2\/posts\/121047\/revisions"}],"predecessor-version":[{"id":121050,"href":"https:\/\/www.caririemacao.com\/1\/wp-json\/wp\/v2\/posts\/121047\/revisions\/121050"}],"wp:featuredmedia":[{"embeddable":true,"href":"https:\/\/www.caririemacao.com\/1\/wp-json\/wp\/v2\/media\/121049"}],"wp:attachment":[{"href":"https:\/\/www.caririemacao.com\/1\/wp-json\/wp\/v2\/media?parent=121047"}],"wp:term":[{"taxonomy":"category","embeddable":true,"href":"https:\/\/www.caririemacao.com\/1\/wp-json\/wp\/v2\/categories?post=121047"},{"taxonomy":"post_tag","embeddable":true,"href":"https:\/\/www.caririemacao.com\/1\/wp-json\/wp\/v2\/tags?post=121047"}],"curies":[{"name":"wp","href":"https:\/\/api.w.org\/{rel}","templated":true}]}}