{"id":121076,"date":"2019-09-27T10:47:03","date_gmt":"2019-09-27T13:47:03","guid":{"rendered":"http:\/\/www.caririemacao.com\/1\/?p=121076"},"modified":"2019-09-27T10:47:03","modified_gmt":"2019-09-27T13:47:03","slug":"doacao-de-orgaos-aumentou-exponencialmente-na-paraiba-diz-coordenador","status":"publish","type":"post","link":"https:\/\/www.caririemacao.com\/1\/2019\/09\/27\/doacao-de-orgaos-aumentou-exponencialmente-na-paraiba-diz-coordenador\/","title":{"rendered":"Doa\u00e7\u00e3o de \u00f3rg\u00e3os aumentou exponencialmente na Para\u00edba, diz coordenador"},"content":{"rendered":"\n<p>O coordenador do N\u00facleo de Capta\u00e7\u00e3o de \u00d3rg\u00e3os de Campina Grande, Caio C\u00e9sar, afirmou, em entrevista \u00e0 R\u00e1dio Panor\u00e2mica FM, que \u00e9 poss\u00edvel que a doa\u00e7\u00e3o de \u00f3rg\u00e3os seja realizada a partir da verifica\u00e7\u00e3o da morte encef\u00e1lica.<\/p>\n\n\n\n<p>Ele citou que diversos \u00f3rg\u00e3os e tecidos podem ser transplantados, como cora\u00e7\u00e3o, pele, p\u00e2ncreas e c\u00f3rnea.<\/p>\n\n\n\n<p>Segundo Caio, o protocolo soma dois exames cl\u00ednicos realizados por m\u00e9dicos diferentes e um exame de imagem para que exista 100% de especificidade no diagn\u00f3stico da morte encef\u00e1lica para que o doador esteja apto a realizar a doa\u00e7\u00e3o.<\/p>\n\n\n\n<p>Ele ainda disse que o paciente, quando est\u00e1 vivo, pode doar um rim e peda\u00e7os de outros \u00f3rg\u00e3os, como f\u00edgado e pulm\u00e3o, em casos espec\u00edficos.<\/p>\n\n\n\n<p>\u2013 As circunst\u00e2ncias se d\u00e3o quando existe a evolu\u00e7\u00e3o, em decorr\u00eancia de uma les\u00e3o neurol\u00f3gica grave, para uma realidade de irreversibilidade dessa les\u00e3o neurol\u00f3gica, a gente chama esse quadro de morte encef\u00e1lica \u2013 disse.<\/p>\n\n\n\n<p>Caio destacou que a Para\u00edba teve um aumento significativo no n\u00famero de doa\u00e7\u00e3o de \u00f3rg\u00e3os e frisou que, para ser doadora, \u00e9 preciso que a pessoa converse sobre a sua inten\u00e7\u00e3o com seus familiares.<\/p>\n\n\n\n<p>\u2013 Tivemos um aumento exponencial, a gente fala de um aumento de 200% de capta\u00e7\u00e3o de \u00f3rg\u00e3os \u2013 pontuou.<\/p>\n","protected":false},"excerpt":{"rendered":"<p>O coordenador do N\u00facleo de Capta\u00e7\u00e3o de \u00d3rg\u00e3os de Campina Grande, Caio C\u00e9sar, afirmou, em entrevista \u00e0 R\u00e1dio Panor\u00e2mica FM, que \u00e9 poss\u00edvel que a&hellip; <\/p>\n","protected":false},"author":1,"featured_media":121077,"comment_status":"closed","ping_status":"closed","sticky":false,"template":"","format":"standard","meta":{"sfsi_plus_gutenberg_text_before_share":"","sfsi_plus_gutenberg_show_text_before_share":"","sfsi_plus_gutenberg_icon_type":"","sfsi_plus_gutenberg_icon_alignemt":"","sfsi_plus_gutenburg_max_per_row":"","footnotes":""},"categories":[16],"tags":[],"class_list":["post-121076","post","type-post","status-publish","format-standard","has-post-thumbnail","hentry","category-saude"],"_links":{"self":[{"href":"https:\/\/www.caririemacao.com\/1\/wp-json\/wp\/v2\/posts\/121076","targetHints":{"allow":["GET"]}}],"collection":[{"href":"https:\/\/www.caririemacao.com\/1\/wp-json\/wp\/v2\/posts"}],"about":[{"href":"https:\/\/www.caririemacao.com\/1\/wp-json\/wp\/v2\/types\/post"}],"author":[{"embeddable":true,"href":"https:\/\/www.caririemacao.com\/1\/wp-json\/wp\/v2\/users\/1"}],"replies":[{"embeddable":true,"href":"https:\/\/www.caririemacao.com\/1\/wp-json\/wp\/v2\/comments?post=121076"}],"version-history":[{"count":1,"href":"https:\/\/www.caririemacao.com\/1\/wp-json\/wp\/v2\/posts\/121076\/revisions"}],"predecessor-version":[{"id":121078,"href":"https:\/\/www.caririemacao.com\/1\/wp-json\/wp\/v2\/posts\/121076\/revisions\/121078"}],"wp:featuredmedia":[{"embeddable":true,"href":"https:\/\/www.caririemacao.com\/1\/wp-json\/wp\/v2\/media\/121077"}],"wp:attachment":[{"href":"https:\/\/www.caririemacao.com\/1\/wp-json\/wp\/v2\/media?parent=121076"}],"wp:term":[{"taxonomy":"category","embeddable":true,"href":"https:\/\/www.caririemacao.com\/1\/wp-json\/wp\/v2\/categories?post=121076"},{"taxonomy":"post_tag","embeddable":true,"href":"https:\/\/www.caririemacao.com\/1\/wp-json\/wp\/v2\/tags?post=121076"}],"curies":[{"name":"wp","href":"https:\/\/api.w.org\/{rel}","templated":true}]}}