{"id":121092,"date":"2019-09-27T10:56:51","date_gmt":"2019-09-27T13:56:51","guid":{"rendered":"http:\/\/www.caririemacao.com\/1\/?p=121092"},"modified":"2019-09-27T10:56:51","modified_gmt":"2019-09-27T13:56:51","slug":"janot-diz-que-foi-armado-a-sessao-do-stf-para-matar-gilmar-e-se-suicidar","status":"publish","type":"post","link":"https:\/\/www.caririemacao.com\/1\/2019\/09\/27\/janot-diz-que-foi-armado-a-sessao-do-stf-para-matar-gilmar-e-se-suicidar\/","title":{"rendered":"Janot diz que foi armado a sess\u00e3o do STF para matar Gilmar e se suicidar"},"content":{"rendered":"\n<p>O ex-procurador-geral da Rep\u00fablica Rodrigo Janot disse que chegou a ir armado a uma sess\u00e3o do Supremo Tribunal Federal (STF) com o objetivo de matar o ministro\u00a0Gilmar Mendes. A declara\u00e7\u00e3o foi dada em entrevista ao jornal \u201cO Estado de S. Paulo\u201d, publicada na vers\u00e3o eletr\u00f4nica na noite de hoje.<\/p>\n\n\n\n<p>\u201cN\u00e3o ia ser amea\u00e7a, n\u00e3o. Ia ser assassinato mesmo. Ia matar ele [Gilmar Mendes] e depois me suicidar\u201d, afirmou Janot, que deixou a Procuradoria h\u00e1 dois anos.<\/p>\n\n\n\n<p>O ex-PGR disse que o caso ocorreu em maio de 2017, quando ele \u2013na \u00e9poca, chefe do Minist\u00e9rio P\u00fablico Federal\u2013 solicitou que o ministro do STF fosse impedido de analisar um habeas corpus de Eike Batista, sob a justificativa de que a mulher do ministro, Guiomar Mendes, era&nbsp;s\u00f3cia de um escrit\u00f3rio de advocacia que representava o empres\u00e1rio em diversos processos.<\/p>\n\n\n\n<p>Segundo Janot, logo ap\u00f3s o pedido de suspei\u00e7\u00e3o, Gilmar teria espalhado uma hist\u00f3ria de que a filha do ent\u00e3o PGR teria prestado servi\u00e7os advocat\u00edcios \u00e0 OAS, empreiteira envolvida em casos da&nbsp;Opera\u00e7\u00e3o Lava Jato. \u201cIsso me tirou do s\u00e9rio\u201d, disse na entrevista.<\/p>\n\n\n\n<p>\u201cFoi logo depois que eu apresentei a sess\u00e3o (\u2026) de suspei\u00e7\u00e3o dele no caso do Eike. A\u00ed ele inventou uma hist\u00f3ria que a minha filha advogava na parte penal de uma empresa da Lava Jato. Minha filha nunca advogou na \u00e1rea penal\u2026 e a\u00ed eu sa\u00ed do s\u00e9rio\u201d, afirmou o ex-procurador-geral.<\/p>\n\n\n\n<p>Ao jornal, Janot disse que foi armado a uma sess\u00e3o do STF e que, na ocasi\u00e3o, encontrou Gilmar Mendes nos corredores. Segundo ele, foi \u201ca m\u00e3o de Deus\u201d que o impediu de atacar o ministro.<\/p>\n\n\n\n<p>\u201cEle estava sozinho, mas foi a m\u00e3o de Deus. Foi a m\u00e3o de Deus\u201d, repetiu. \u201cCheguei a entrar no Supremo [com a inten\u00e7\u00e3o de mat\u00e1-lo]. Ele estava na sala, na entrada de sess\u00e3o. Eu olhei, e a\u00ed uma \u2018m\u00e3o\u2019 mesmo\u201d, completou.<\/p>\n\n\n\n<p>Procurado pelo Estad\u00e3o, Gilmar Mendes n\u00e3o havia se pronunciado sobre as declara\u00e7\u00f5es de Rodrigo Janot.<\/p>\n","protected":false},"excerpt":{"rendered":"<p>O ex-procurador-geral da Rep\u00fablica Rodrigo Janot disse que chegou a ir armado a uma sess\u00e3o do Supremo Tribunal Federal (STF) com o objetivo de matar&hellip; <\/p>\n","protected":false},"author":1,"featured_media":121096,"comment_status":"closed","ping_status":"closed","sticky":false,"template":"","format":"standard","meta":{"sfsi_plus_gutenberg_text_before_share":"","sfsi_plus_gutenberg_show_text_before_share":"","sfsi_plus_gutenberg_icon_type":"","sfsi_plus_gutenberg_icon_alignemt":"","sfsi_plus_gutenburg_max_per_row":"","footnotes":""},"categories":[11],"tags":[],"class_list":["post-121092","post","type-post","status-publish","format-standard","has-post-thumbnail","hentry","category-politica"],"_links":{"self":[{"href":"https:\/\/www.caririemacao.com\/1\/wp-json\/wp\/v2\/posts\/121092","targetHints":{"allow":["GET"]}}],"collection":[{"href":"https:\/\/www.caririemacao.com\/1\/wp-json\/wp\/v2\/posts"}],"about":[{"href":"https:\/\/www.caririemacao.com\/1\/wp-json\/wp\/v2\/types\/post"}],"author":[{"embeddable":true,"href":"https:\/\/www.caririemacao.com\/1\/wp-json\/wp\/v2\/users\/1"}],"replies":[{"embeddable":true,"href":"https:\/\/www.caririemacao.com\/1\/wp-json\/wp\/v2\/comments?post=121092"}],"version-history":[{"count":1,"href":"https:\/\/www.caririemacao.com\/1\/wp-json\/wp\/v2\/posts\/121092\/revisions"}],"predecessor-version":[{"id":121097,"href":"https:\/\/www.caririemacao.com\/1\/wp-json\/wp\/v2\/posts\/121092\/revisions\/121097"}],"wp:featuredmedia":[{"embeddable":true,"href":"https:\/\/www.caririemacao.com\/1\/wp-json\/wp\/v2\/media\/121096"}],"wp:attachment":[{"href":"https:\/\/www.caririemacao.com\/1\/wp-json\/wp\/v2\/media?parent=121092"}],"wp:term":[{"taxonomy":"category","embeddable":true,"href":"https:\/\/www.caririemacao.com\/1\/wp-json\/wp\/v2\/categories?post=121092"},{"taxonomy":"post_tag","embeddable":true,"href":"https:\/\/www.caririemacao.com\/1\/wp-json\/wp\/v2\/tags?post=121092"}],"curies":[{"name":"wp","href":"https:\/\/api.w.org\/{rel}","templated":true}]}}