{"id":121094,"date":"2019-09-27T11:09:03","date_gmt":"2019-09-27T14:09:03","guid":{"rendered":"http:\/\/www.caririemacao.com\/1\/?p=121094"},"modified":"2019-09-27T11:20:44","modified_gmt":"2019-09-27T14:20:44","slug":"vice-prefeito-de-ouro-velho-solicita-recuperacao-da-estrada-de-prata-ouro-velho-divisa-pe","status":"publish","type":"post","link":"https:\/\/www.caririemacao.com\/1\/2019\/09\/27\/vice-prefeito-de-ouro-velho-solicita-recuperacao-da-estrada-de-prata-ouro-velho-divisa-pe\/","title":{"rendered":"Vice-prefeito de Ouro Velho solicita recupera\u00e7\u00e3o da estrada de Prata\/Ouro Velho\/ Divisa PE"},"content":{"rendered":"\n<p>Ao lado do secret\u00e1rio de obras, Wendel Sindclei, o vice-prefeito de Ouro Velho, Fl\u00e1vio Henrique, esteve na manh\u00e3 desta sexta-feira, dia 27, no DER  de Sum\u00e9 para solicitar melhorias para a PB 250 rodovia Antonio Mariz.<\/p>\n\n\n\n<p>Em reuni\u00e3o com o diretor do DER, Lamartine Vieira, Fl\u00e1vio Henrique explicou que a Rodovia est\u00e1 necessitando urgente de melhorias.<\/p>\n\n\n\n<p>Fl\u00e1vio Henrique informou que solicitou ao DER a extens\u00e3o da recupera\u00e7\u00e3o do asfalto sentido Prata a Ouro Velho e de Ouro velho at\u00e9 a Divisa com o Pernambuco &#8220;tapa buraco&#8221;, <\/p>\n\n\n\n<p>&#8220;Notamos que essa manuten\u00e7\u00e3o de estradas s\u00f3 foi feita no sentido Rancho dos Negros a Prata, por isso, solicitamos a continuidade dos servi\u00e7os&#8221;, justificou.<\/p>\n\n\n\n<p>Al\u00e9m da recupera\u00e7\u00e3o, tamb\u00e9m foi solicitada a instala\u00e7\u00e3o de quebra-molas ou sonorizadores na PB-250, entre o trevo que d\u00e1 acesso a cidade de amparo e a divisa com o Pernambuco. &#8220;Junto a solicita\u00e7\u00e3o, tamb\u00e9m anexamos, um abaixo-assinado com 85 assinaturas, pedindo essa a\u00e7\u00e3o, j\u00e1 que a localidade \u00e9 uma \u00e1rea residencial bastante habitada e os ve\u00edculos trafegam em alta velocidade colocando em risco a seguran\u00e7a dos que ali residem&#8221;, explicou.<\/p>\n","protected":false},"excerpt":{"rendered":"<p>Ao lado do secret\u00e1rio de obras, Wendel Sindclei, o vice-prefeito de Ouro Velho, Fl\u00e1vio Henrique, esteve na manh\u00e3 desta sexta-feira, dia 27, no DER de&hellip; <\/p>\n","protected":false},"author":1,"featured_media":121119,"comment_status":"closed","ping_status":"closed","sticky":false,"template":"","format":"standard","meta":{"sfsi_plus_gutenberg_text_before_share":"","sfsi_plus_gutenberg_show_text_before_share":"","sfsi_plus_gutenberg_icon_type":"","sfsi_plus_gutenberg_icon_alignemt":"","sfsi_plus_gutenburg_max_per_row":"","footnotes":""},"categories":[6,50],"tags":[],"class_list":["post-121094","post","type-post","status-publish","format-standard","has-post-thumbnail","hentry","category-cidades","category-destaque"],"_links":{"self":[{"href":"https:\/\/www.caririemacao.com\/1\/wp-json\/wp\/v2\/posts\/121094","targetHints":{"allow":["GET"]}}],"collection":[{"href":"https:\/\/www.caririemacao.com\/1\/wp-json\/wp\/v2\/posts"}],"about":[{"href":"https:\/\/www.caririemacao.com\/1\/wp-json\/wp\/v2\/types\/post"}],"author":[{"embeddable":true,"href":"https:\/\/www.caririemacao.com\/1\/wp-json\/wp\/v2\/users\/1"}],"replies":[{"embeddable":true,"href":"https:\/\/www.caririemacao.com\/1\/wp-json\/wp\/v2\/comments?post=121094"}],"version-history":[{"count":2,"href":"https:\/\/www.caririemacao.com\/1\/wp-json\/wp\/v2\/posts\/121094\/revisions"}],"predecessor-version":[{"id":121126,"href":"https:\/\/www.caririemacao.com\/1\/wp-json\/wp\/v2\/posts\/121094\/revisions\/121126"}],"wp:featuredmedia":[{"embeddable":true,"href":"https:\/\/www.caririemacao.com\/1\/wp-json\/wp\/v2\/media\/121119"}],"wp:attachment":[{"href":"https:\/\/www.caririemacao.com\/1\/wp-json\/wp\/v2\/media?parent=121094"}],"wp:term":[{"taxonomy":"category","embeddable":true,"href":"https:\/\/www.caririemacao.com\/1\/wp-json\/wp\/v2\/categories?post=121094"},{"taxonomy":"post_tag","embeddable":true,"href":"https:\/\/www.caririemacao.com\/1\/wp-json\/wp\/v2\/tags?post=121094"}],"curies":[{"name":"wp","href":"https:\/\/api.w.org\/{rel}","templated":true}]}}