{"id":121117,"date":"2019-09-27T11:08:55","date_gmt":"2019-09-27T14:08:55","guid":{"rendered":"http:\/\/www.caririemacao.com\/1\/?p=121117"},"modified":"2019-09-27T11:08:55","modified_gmt":"2019-09-27T14:08:55","slug":"motorista-perde-controle-do-carro-em-curva-e-capota-em-sao-sebastiao-do-umbuzeiro","status":"publish","type":"post","link":"https:\/\/www.caririemacao.com\/1\/2019\/09\/27\/motorista-perde-controle-do-carro-em-curva-e-capota-em-sao-sebastiao-do-umbuzeiro\/","title":{"rendered":"Motorista perde controle do carro em curva e capota em S\u00e3o Sebasti\u00e3o do Umbuzeiro"},"content":{"rendered":"\n<p>Um carro&nbsp;<strong>TOYOTA\/ETIOS SD<\/strong>&nbsp;capotou na manh\u00e3 desta sexta-feira (27), em S\u00e3o Sebasti\u00e3o do Umbuzeiro, o acidente foi por volta das 07h30, na famosa curva do Salgado, a 3 km, do munic\u00edpio. No carro iam tr\u00eas pessoas para a Cidade de Arcoverde-PE.<\/p>\n\n\n\n<p>O local j\u00e1 \u00e9 bastante conhecido dos S\u00e3o-Sebastianense, j\u00e1 foram registrados v\u00e1rios acidentes nessa curva. Apesar do susto, n\u00e3o houve feridos, e os todos ocupantes passa bem. Apesar do susto, n\u00e3o houve feridos, e os todos ocupantes passa bem.<\/p>\n\n\n\n<figure class=\"wp-block-image\"><img decoding=\"async\" data-src=\"http:\/\/www.blogdodidi.com.br\/wp-content\/uploads\/2019\/09\/64fa63ef-e291-4bf3-82cd-3df6c98a89c5-1024x768.jpg\" alt=\"\" class=\"wp-image-94433 lazyload\" src=\"data:image\/svg+xml;base64,PHN2ZyB3aWR0aD0iMSIgaGVpZ2h0PSIxIiB4bWxucz0iaHR0cDovL3d3dy53My5vcmcvMjAwMC9zdmciPjwvc3ZnPg==\" style=\"--smush-placeholder-width: 1024px; --smush-placeholder-aspect-ratio: 1024\/768;\" \/><\/figure>\n\n\n\n<figure class=\"wp-block-image\"><img decoding=\"async\" data-src=\"http:\/\/www.blogdodidi.com.br\/wp-content\/uploads\/2019\/09\/carro-ssu1-1-1024x1024.jpg\" alt=\"\" class=\"wp-image-94435 lazyload\" src=\"data:image\/svg+xml;base64,PHN2ZyB3aWR0aD0iMSIgaGVpZ2h0PSIxIiB4bWxucz0iaHR0cDovL3d3dy53My5vcmcvMjAwMC9zdmciPjwvc3ZnPg==\" style=\"--smush-placeholder-width: 1024px; --smush-placeholder-aspect-ratio: 1024\/1024;\" \/><\/figure>\n\n\n\n<p><ins><\/ins><br><\/p>\n","protected":false},"excerpt":{"rendered":"<p>Um carro&nbsp;TOYOTA\/ETIOS SD&nbsp;capotou na manh\u00e3 desta sexta-feira (27), em S\u00e3o Sebasti\u00e3o do Umbuzeiro, o acidente foi por volta das 07h30, na famosa curva do Salgado,&hellip; <\/p>\n","protected":false},"author":1,"featured_media":121118,"comment_status":"closed","ping_status":"closed","sticky":false,"template":"","format":"standard","meta":{"sfsi_plus_gutenberg_text_before_share":"","sfsi_plus_gutenberg_show_text_before_share":"","sfsi_plus_gutenberg_icon_type":"","sfsi_plus_gutenberg_icon_alignemt":"","sfsi_plus_gutenburg_max_per_row":"","footnotes":""},"categories":[12],"tags":[],"class_list":["post-121117","post","type-post","status-publish","format-standard","has-post-thumbnail","hentry","category-policia"],"_links":{"self":[{"href":"https:\/\/www.caririemacao.com\/1\/wp-json\/wp\/v2\/posts\/121117","targetHints":{"allow":["GET"]}}],"collection":[{"href":"https:\/\/www.caririemacao.com\/1\/wp-json\/wp\/v2\/posts"}],"about":[{"href":"https:\/\/www.caririemacao.com\/1\/wp-json\/wp\/v2\/types\/post"}],"author":[{"embeddable":true,"href":"https:\/\/www.caririemacao.com\/1\/wp-json\/wp\/v2\/users\/1"}],"replies":[{"embeddable":true,"href":"https:\/\/www.caririemacao.com\/1\/wp-json\/wp\/v2\/comments?post=121117"}],"version-history":[{"count":1,"href":"https:\/\/www.caririemacao.com\/1\/wp-json\/wp\/v2\/posts\/121117\/revisions"}],"predecessor-version":[{"id":121120,"href":"https:\/\/www.caririemacao.com\/1\/wp-json\/wp\/v2\/posts\/121117\/revisions\/121120"}],"wp:featuredmedia":[{"embeddable":true,"href":"https:\/\/www.caririemacao.com\/1\/wp-json\/wp\/v2\/media\/121118"}],"wp:attachment":[{"href":"https:\/\/www.caririemacao.com\/1\/wp-json\/wp\/v2\/media?parent=121117"}],"wp:term":[{"taxonomy":"category","embeddable":true,"href":"https:\/\/www.caririemacao.com\/1\/wp-json\/wp\/v2\/categories?post=121117"},{"taxonomy":"post_tag","embeddable":true,"href":"https:\/\/www.caririemacao.com\/1\/wp-json\/wp\/v2\/tags?post=121117"}],"curies":[{"name":"wp","href":"https:\/\/api.w.org\/{rel}","templated":true}]}}