{"id":121127,"date":"2019-09-27T12:10:42","date_gmt":"2019-09-27T15:10:42","guid":{"rendered":"http:\/\/www.caririemacao.com\/1\/?p=121127"},"modified":"2019-09-27T12:10:42","modified_gmt":"2019-09-27T15:10:42","slug":"adailsinho-confirma-inclusao-do-8o-e-9o-ano-na-escola-juarez-maracaja","status":"publish","type":"post","link":"https:\/\/www.caririemacao.com\/1\/2019\/09\/27\/adailsinho-confirma-inclusao-do-8o-e-9o-ano-na-escola-juarez-maracaja\/","title":{"rendered":"Adailsinho confirma inclus\u00e3o do 8\u00ba e 9\u00ba ano na Escola Juarez Maracaj\u00e1"},"content":{"rendered":"\n<p>O vereador e pr\u00e9-candidato a prefeito de Gurj\u00e3o, Adailsinho Queiroz, esteve ao lado da diretora da Escola Estadual de Ensino Fundamental e M\u00e9dio Juarez Maracaj\u00e1 no munic\u00edpio de Gurj\u00e3o, Ana Lu\u00edsa, em reuni\u00e3o na Secretaria de Educa\u00e7\u00e3o do Estado da Para\u00edba, para solicitar v\u00e1rias melhorias para a escola Juarez Maracaj\u00e1.<\/p>\n\n\n\n<figure class=\"wp-block-image\"><img fetchpriority=\"high\" decoding=\"async\" width=\"770\" height=\"1024\" src=\"http:\/\/www.caririemacao.com\/1\/wp-content\/uploads\/2019\/09\/WhatsApp-Image-2019-09-25-at-18.13.33-1-770x1024.jpeg\" alt=\"\" class=\"wp-image-121132\" srcset=\"https:\/\/www.caririemacao.com\/1\/wp-content\/uploads\/2019\/09\/WhatsApp-Image-2019-09-25-at-18.13.33-1-770x1024.jpeg 770w, https:\/\/www.caririemacao.com\/1\/wp-content\/uploads\/2019\/09\/WhatsApp-Image-2019-09-25-at-18.13.33-1-225x300.jpeg 225w, https:\/\/www.caririemacao.com\/1\/wp-content\/uploads\/2019\/09\/WhatsApp-Image-2019-09-25-at-18.13.33-1-768x1022.jpeg 768w, https:\/\/www.caririemacao.com\/1\/wp-content\/uploads\/2019\/09\/WhatsApp-Image-2019-09-25-at-18.13.33-1.jpeg 962w\" sizes=\"(max-width: 770px) 100vw, 770px\" \/><\/figure>\n\n\n\n<p>Na ocasi\u00e3o, Adailsinho e Ana Lu\u00edsa foram recebidos\npelo secret\u00e1rio executivo de Administra\u00e7\u00e3o de Suprimentos e Log\u00edstica da\nEduca\u00e7\u00e3o (SEECT), Gabriel dos Santos Souza Gomes. <\/p>\n\n\n\n<p>Adailsinho disse ao Cariri em A\u00e7\u00e3o que o secret\u00e1rio\nexecutivo garantiu a inclus\u00e3o do 8\u00ba e 9\u00ba ano na Escola Juarez Maracaj\u00e1, para o\nano letivo de 2020.<\/p>\n\n\n\n<p>Ainda na secretaria, Adailsinho refor\u00e7ou o pedido da\nreforma da escola que foi atendido imediatamente com o encaminhamento do\nsecret\u00e1rio que j\u00e1 autorizou os t\u00e9cnicos da secretaria a realizar levantamento\ndos custos para a reforma predial e troca de mobilia.<\/p>\n\n\n\n<p>Aproveitando a visita a Secretaria de Educa\u00e7\u00e3o, o\nvereador tamb\u00e9m reiterou a solicita\u00e7\u00e3o da constru\u00e7\u00e3o de uma quadra\npoliesportiva atrav\u00e9s do Programa Gol de Placa que ir\u00e1 beneficiar toda classe\nestudantil, n\u00e3o s\u00f3 da escola, mas de todo munic\u00edpio.<\/p>\n","protected":false},"excerpt":{"rendered":"<p>O vereador e pr\u00e9-candidato a prefeito de Gurj\u00e3o, Adailsinho Queiroz, esteve ao lado da diretora da Escola Estadual de Ensino Fundamental e M\u00e9dio Juarez Maracaj\u00e1&hellip; <\/p>\n","protected":false},"author":2,"featured_media":91497,"comment_status":"closed","ping_status":"closed","sticky":false,"template":"","format":"standard","meta":{"sfsi_plus_gutenberg_text_before_share":"","sfsi_plus_gutenberg_show_text_before_share":"","sfsi_plus_gutenberg_icon_type":"","sfsi_plus_gutenberg_icon_alignemt":"","sfsi_plus_gutenburg_max_per_row":"","footnotes":""},"categories":[50,14],"tags":[],"class_list":["post-121127","post","type-post","status-publish","format-standard","has-post-thumbnail","hentry","category-destaque","category-educacao"],"_links":{"self":[{"href":"https:\/\/www.caririemacao.com\/1\/wp-json\/wp\/v2\/posts\/121127","targetHints":{"allow":["GET"]}}],"collection":[{"href":"https:\/\/www.caririemacao.com\/1\/wp-json\/wp\/v2\/posts"}],"about":[{"href":"https:\/\/www.caririemacao.com\/1\/wp-json\/wp\/v2\/types\/post"}],"author":[{"embeddable":true,"href":"https:\/\/www.caririemacao.com\/1\/wp-json\/wp\/v2\/users\/2"}],"replies":[{"embeddable":true,"href":"https:\/\/www.caririemacao.com\/1\/wp-json\/wp\/v2\/comments?post=121127"}],"version-history":[{"count":1,"href":"https:\/\/www.caririemacao.com\/1\/wp-json\/wp\/v2\/posts\/121127\/revisions"}],"predecessor-version":[{"id":121133,"href":"https:\/\/www.caririemacao.com\/1\/wp-json\/wp\/v2\/posts\/121127\/revisions\/121133"}],"wp:featuredmedia":[{"embeddable":true,"href":"https:\/\/www.caririemacao.com\/1\/wp-json\/wp\/v2\/media\/91497"}],"wp:attachment":[{"href":"https:\/\/www.caririemacao.com\/1\/wp-json\/wp\/v2\/media?parent=121127"}],"wp:term":[{"taxonomy":"category","embeddable":true,"href":"https:\/\/www.caririemacao.com\/1\/wp-json\/wp\/v2\/categories?post=121127"},{"taxonomy":"post_tag","embeddable":true,"href":"https:\/\/www.caririemacao.com\/1\/wp-json\/wp\/v2\/tags?post=121127"}],"curies":[{"name":"wp","href":"https:\/\/api.w.org\/{rel}","templated":true}]}}