{"id":121138,"date":"2019-09-27T12:21:46","date_gmt":"2019-09-27T15:21:46","guid":{"rendered":"http:\/\/www.caririemacao.com\/1\/?p=121138"},"modified":"2019-09-27T12:21:46","modified_gmt":"2019-09-27T15:21:46","slug":"conferencia-de-assistencia-social-e-realizada-em-prata","status":"publish","type":"post","link":"https:\/\/www.caririemacao.com\/1\/2019\/09\/27\/conferencia-de-assistencia-social-e-realizada-em-prata\/","title":{"rendered":"Confer\u00eancia de Assist\u00eancia Social \u00e9 realizada em Prata"},"content":{"rendered":"\n<p>A Secretaria de Assist\u00eancia Social da Prata realizou na\nmanh\u00e3 desta sexta-feira, dia 27, a VIII Confer\u00eancia Municipal de Assist\u00eancia\nSocial. <\/p>\n\n\n\n<p>O momento teve o objetivo de oferecer a popula\u00e7\u00e3o um espa\u00e7o\ndemocr\u00e1tico para constru\u00e7\u00e3o das pol\u00edticas p\u00fablicas da A\u00e7\u00e3o Social, com\nparticipa\u00e7\u00e3o da sociedade civil, governo e equipes da assist\u00eancia da Social. Foram\nabordados temas como: Assist\u00eancia Social, Direito do Povo, Financiamento\nP\u00fablico e Participa\u00e7\u00e3o Social. <\/p>\n\n\n\n<p>No momento foi formulado um amplo debate organizado, com\nfinalidade de avaliar, planejar e fixar a\u00e7\u00f5es e diretrizes que melhorem a\nqualidade dos servi\u00e7os p\u00fablicos, proporcionando uma melhor qualidade de vida a\ntoda popula\u00e7\u00e3o Pratense.<\/p>\n","protected":false},"excerpt":{"rendered":"<p>A Secretaria de Assist\u00eancia Social da Prata realizou na manh\u00e3 desta sexta-feira, dia 27, a VIII Confer\u00eancia Municipal de Assist\u00eancia Social. O momento teve o&hellip; <\/p>\n","protected":false},"author":2,"featured_media":121139,"comment_status":"closed","ping_status":"closed","sticky":false,"template":"","format":"standard","meta":{"sfsi_plus_gutenberg_text_before_share":"","sfsi_plus_gutenberg_show_text_before_share":"","sfsi_plus_gutenberg_icon_type":"","sfsi_plus_gutenberg_icon_alignemt":"","sfsi_plus_gutenburg_max_per_row":"","footnotes":""},"categories":[6,50],"tags":[],"class_list":["post-121138","post","type-post","status-publish","format-standard","has-post-thumbnail","hentry","category-cidades","category-destaque"],"_links":{"self":[{"href":"https:\/\/www.caririemacao.com\/1\/wp-json\/wp\/v2\/posts\/121138","targetHints":{"allow":["GET"]}}],"collection":[{"href":"https:\/\/www.caririemacao.com\/1\/wp-json\/wp\/v2\/posts"}],"about":[{"href":"https:\/\/www.caririemacao.com\/1\/wp-json\/wp\/v2\/types\/post"}],"author":[{"embeddable":true,"href":"https:\/\/www.caririemacao.com\/1\/wp-json\/wp\/v2\/users\/2"}],"replies":[{"embeddable":true,"href":"https:\/\/www.caririemacao.com\/1\/wp-json\/wp\/v2\/comments?post=121138"}],"version-history":[{"count":1,"href":"https:\/\/www.caririemacao.com\/1\/wp-json\/wp\/v2\/posts\/121138\/revisions"}],"predecessor-version":[{"id":121140,"href":"https:\/\/www.caririemacao.com\/1\/wp-json\/wp\/v2\/posts\/121138\/revisions\/121140"}],"wp:featuredmedia":[{"embeddable":true,"href":"https:\/\/www.caririemacao.com\/1\/wp-json\/wp\/v2\/media\/121139"}],"wp:attachment":[{"href":"https:\/\/www.caririemacao.com\/1\/wp-json\/wp\/v2\/media?parent=121138"}],"wp:term":[{"taxonomy":"category","embeddable":true,"href":"https:\/\/www.caririemacao.com\/1\/wp-json\/wp\/v2\/categories?post=121138"},{"taxonomy":"post_tag","embeddable":true,"href":"https:\/\/www.caririemacao.com\/1\/wp-json\/wp\/v2\/tags?post=121138"}],"curies":[{"name":"wp","href":"https:\/\/api.w.org\/{rel}","templated":true}]}}