{"id":121163,"date":"2019-09-27T13:11:05","date_gmt":"2019-09-27T16:11:05","guid":{"rendered":"http:\/\/www.caririemacao.com\/1\/?p=121163"},"modified":"2019-09-27T13:11:05","modified_gmt":"2019-09-27T16:11:05","slug":"espero-que-a-pf-ja-tenha-tirado-o-porte-de-arma-do-janot-diz-rodrigo-maia","status":"publish","type":"post","link":"https:\/\/www.caririemacao.com\/1\/2019\/09\/27\/espero-que-a-pf-ja-tenha-tirado-o-porte-de-arma-do-janot-diz-rodrigo-maia\/","title":{"rendered":"Espero que a PF j\u00e1 tenha tirado o porte de arma do Janot, diz Rodrigo Maia"},"content":{"rendered":"\n<p>Em tom ir\u00f4nico, o presidente da C\u00e2mara dos Deputados, Rodrigo Maia (DEM-RJ) disse esperar que a Pol\u00edcia Federal retire o porte de armas do ex-procurador-geral da Rep\u00fablica Rodrigo Janot.<br><\/p>\n\n\n\n<p>A declara\u00e7\u00e3o foi dada nesta sexta-feira (27), durante participa\u00e7\u00e3o de evento na FGV (Funda\u00e7\u00e3o Get\u00falio Vargas), no Rio de Janeiro, sobre parcerias p\u00fablicos-privadas.<\/p>\n\n\n\n<p>O presidente da C\u00e2mara se referia \u00e0 revela\u00e7\u00e3o de que o ex-procurador-geral da Rep\u00fablica Rodrigo Janot pretendia matar o ministro Gilmar Mendes, do STF (Supremo Tribunal Federal).<\/p>\n\n\n\n<p>&#8220;Pelo menos espero que a Pol\u00edcia Federal j\u00e1 tenha tirado o porte de arma dele. Pelo menos isso, para a gente ficar um pouco mais tranquilo. Esse \u00e9 o Brasil&#8221;, disse o presidente da C\u00e2mara.<\/p>\n\n\n\n<p>Maia disse ainda que a revela\u00e7\u00e3o pode afetar os investimentos privados no pa\u00eds: &#8220;Temos que ter projeto e seguran\u00e7a jur\u00eddica para os investimentos. A parte do parlamento, principal, \u00e9 justamente garantir a seguran\u00e7a jur\u00eddica, junto com o Executivo, claro&#8221;.<\/p>\n\n\n\n<p>&#8220;Mas o Brasil \u00e9 um pa\u00eds estranho. Cada dia \u00e9 uma novidade. Hoje descobrimos que o procurador-geral queria matar um ministro do Supremo. Quem \u00e9 que vai querer investir num pa\u00eds desse?&#8221;, perguntou.<\/p>\n\n\n\n<p>Maia tamb\u00e9m criticou o ministro do Meio Ambiente, Ricardo Salles, por questionar dados divulgados pelo Inpe (Instituto Nacional de Pesquisas Espaciais).<\/p>\n\n\n\n<p>&#8220;O ministro do Meio Ambiente nega os dados do Inpe. O que o investidor acha? Est\u00e3o defendendo o desmatamento, est\u00e3o defendendo as queimadas. N\u00e3o \u00e9 verdade, mas \u00e9 a narrativa que eles vendem de forma muito inteligente&#8221;, declarou.<\/p>\n\n\n\n<p>Ele n\u00e3o quis comentar a decis\u00e3o do STF que pode anular senten\u00e7as da Opera\u00e7\u00e3o Lava Jato. Maia disse aguardar o fim do julgamento, que ainda analisar\u00e1 o alcance da delibera\u00e7\u00e3o.<br><\/p>\n\n\n\n<p><strong>REVELA\u00c7\u00c3O DE JANOT<\/strong><\/p>\n\n\n\n<p>O ex-procurador-geral da Rep\u00fablica&nbsp;<a href=\"https:\/\/www.clickpb.com.br\/brasil\/eu-ia-matar-ele-e-depois-me-suicidar-diz-janot-sobre-gilmar-mendes-268646.html\">Rodrigo Janot disse nesta quinta-feira (26)<\/a>&nbsp;ao jornal Folha de S.Paulo que entrou uma vez no Supremo Tribunal Federal armado com uma pistola com a inten\u00e7\u00e3o de matar o ministro Gilmar Mendes, por causa de insinua\u00e7\u00f5es que ele teria feito sobre sua filha em 2017.&nbsp;<\/p>\n\n\n\n<p>O ex-procurador narra o epis\u00f3dio num livro de mem\u00f3rias que est\u00e1 lan\u00e7ando neste m\u00eas, sem nomear Gilmar. Ele confirmou a identidade de seu alvo ao ser questionado pela Folha de S.Paulo em entrevista nesta quinta. &#8220;Tenho uma dificuldade enorme de pronunciar o nome desta pessoa&#8221;, disse.<\/p>\n\n\n\n<p>Nesta sexta, em mensagem enviada \u00e0 coluna M\u00f4nica Bergamo, da Folha de S.Paulo, Gilmar se disse surpreso e recomendou tratamento psiqui\u00e1trico a Janot.<\/p>\n\n\n\n<p>Em maio de 2017, como procurador-geral, Janot pediu a suspei\u00e7\u00e3o de Gilmar em casos relacionados ao empres\u00e1rio Eike Batista, que se tornara alvo da Lava Jato e era defendido pelo escrit\u00f3rio de advocacia do qual a mulher do ministro, Guiomar Feitosa Mendes, \u00e9 s\u00f3cia.<\/p>\n\n\n\n<p>Segundo Janot, o ministro do STF reagiu na \u00e9poca lan\u00e7ando suspeitas sobre a atua\u00e7\u00e3o de sua filha, Let\u00edcia Ladeira Monteiro de Barros, que \u00e9 advogada e representara a empreiteira OAS no Cade (Conselho Administrativo de Defesa Econ\u00f4mica).&nbsp;<\/p>\n\n\n\n<p>&#8220;Num dos momentos de dor aguda, de ira cega, botei uma pistola carregada na cintura e por muito pouco n\u00e3o descarreguei na cabe\u00e7a de uma autoridade de l\u00edngua ferina que, em meio \u00e0quela algaravia orquestrada pelos investigados, resolvera fazer gra\u00e7a com minha filha&#8221;, diz Janot no livro.<\/p>\n\n\n\n<p>&#8220;S\u00f3 n\u00e3o houve o gesto extremo porque, no instante decisivo, a m\u00e3o invis\u00edvel do bom senso tocou meu ombro e disse: n\u00e3o.&#8221;<\/p>\n\n\n\n<p>Na entrevista ao jornal Folha de S.Paulo, ele disse que seu plano era matar Gilmar antes do in\u00edcio da sess\u00e3o no STF. &#8220;Na antessala, onde eu o encontraria antes da sess\u00e3o&#8221;, afirmou. O ex-procurador disse que n\u00e3o entrou no plen\u00e1rio do tribunal armado.&nbsp;<\/p>\n\n\n\n<p>Em entrevistas \u00e0 revista Veja e ao jornal O Estado de S. Paulo, Janot acrescentou que pretendia se suicidar depois de matar Gilmar.&nbsp;<\/p>\n\n\n\n<p>Segundo o relato do ex-procurador, que se aposentou em abril deste ano e voltou \u00e0 advocacia, o epis\u00f3dio ocorreu perto do fim do seu segundo mandato \u00e0 frente da Procuradoria-Geral da Rep\u00fablica, que ele chefiou por quatro anos.&nbsp;<\/p>\n\n\n\n<p>Informa\u00e7\u00f5es sobre a atua\u00e7\u00e3o de Let\u00edcia foram publicadas na \u00e9poca pelo jornalista Reinaldo Azevedo, colunista da Folha de S.Paulo. A reportagem n\u00e3o encontrou registro de que Gilmar tenha alguma vez falado no assunto em p\u00fablico. Na entrevista \u00e0 Folha de S.Paulo, Janot disse nesta quinta que o ministro citou sua filha durante uma sess\u00e3o do Supremo.<br><\/p>\n","protected":false},"excerpt":{"rendered":"<p>Em tom ir\u00f4nico, o presidente da C\u00e2mara dos Deputados, Rodrigo Maia (DEM-RJ) disse esperar que a Pol\u00edcia Federal retire o porte de armas do ex-procurador-geral&hellip; <\/p>\n","protected":false},"author":1,"featured_media":104297,"comment_status":"closed","ping_status":"closed","sticky":false,"template":"","format":"standard","meta":{"sfsi_plus_gutenberg_text_before_share":"","sfsi_plus_gutenberg_show_text_before_share":"","sfsi_plus_gutenberg_icon_type":"","sfsi_plus_gutenberg_icon_alignemt":"","sfsi_plus_gutenburg_max_per_row":"","footnotes":""},"categories":[2],"tags":[],"class_list":["post-121163","post","type-post","status-publish","format-standard","has-post-thumbnail","hentry","category-geral"],"_links":{"self":[{"href":"https:\/\/www.caririemacao.com\/1\/wp-json\/wp\/v2\/posts\/121163","targetHints":{"allow":["GET"]}}],"collection":[{"href":"https:\/\/www.caririemacao.com\/1\/wp-json\/wp\/v2\/posts"}],"about":[{"href":"https:\/\/www.caririemacao.com\/1\/wp-json\/wp\/v2\/types\/post"}],"author":[{"embeddable":true,"href":"https:\/\/www.caririemacao.com\/1\/wp-json\/wp\/v2\/users\/1"}],"replies":[{"embeddable":true,"href":"https:\/\/www.caririemacao.com\/1\/wp-json\/wp\/v2\/comments?post=121163"}],"version-history":[{"count":1,"href":"https:\/\/www.caririemacao.com\/1\/wp-json\/wp\/v2\/posts\/121163\/revisions"}],"predecessor-version":[{"id":121165,"href":"https:\/\/www.caririemacao.com\/1\/wp-json\/wp\/v2\/posts\/121163\/revisions\/121165"}],"wp:featuredmedia":[{"embeddable":true,"href":"https:\/\/www.caririemacao.com\/1\/wp-json\/wp\/v2\/media\/104297"}],"wp:attachment":[{"href":"https:\/\/www.caririemacao.com\/1\/wp-json\/wp\/v2\/media?parent=121163"}],"wp:term":[{"taxonomy":"category","embeddable":true,"href":"https:\/\/www.caririemacao.com\/1\/wp-json\/wp\/v2\/categories?post=121163"},{"taxonomy":"post_tag","embeddable":true,"href":"https:\/\/www.caririemacao.com\/1\/wp-json\/wp\/v2\/tags?post=121163"}],"curies":[{"name":"wp","href":"https:\/\/api.w.org\/{rel}","templated":true}]}}