{"id":121191,"date":"2019-09-27T13:20:33","date_gmt":"2019-09-27T16:20:33","guid":{"rendered":"http:\/\/www.caririemacao.com\/1\/?p=121191"},"modified":"2019-09-27T13:20:33","modified_gmt":"2019-09-27T16:20:33","slug":"prefeitura-de-ss-do-umbuzeiro-promove-capacitacao-com-curso-de-curativos-e-cobertura-de-feridas","status":"publish","type":"post","link":"https:\/\/www.caririemacao.com\/1\/2019\/09\/27\/prefeitura-de-ss-do-umbuzeiro-promove-capacitacao-com-curso-de-curativos-e-cobertura-de-feridas\/","title":{"rendered":"Prefeitura de SS do Umbuzeiro promove capacita\u00e7\u00e3o, com curso de curativos e cobertura de feridas"},"content":{"rendered":"\n<p><\/p>\n\n\n\n<figure class=\"wp-block-image\"><a href=\"https:\/\/1.bp.blogspot.com\/-Pp7Q4cm_QvI\/XY4kkUxyCwI\/AAAAAAAAGmY\/Bkh6_x1JI2kUOof_a0BTXgJBqZitGJVjgCLcBGAsYHQ\/s1600\/IMG-20190927-WA0192.jpg\"><img decoding=\"async\" data-src=\"https:\/\/1.bp.blogspot.com\/-Pp7Q4cm_QvI\/XY4kkUxyCwI\/AAAAAAAAGmY\/Bkh6_x1JI2kUOof_a0BTXgJBqZitGJVjgCLcBGAsYHQ\/s280\/IMG-20190927-WA0192.jpg\" alt=\"\" src=\"data:image\/svg+xml;base64,PHN2ZyB3aWR0aD0iMSIgaGVpZ2h0PSIxIiB4bWxucz0iaHR0cDovL3d3dy53My5vcmcvMjAwMC9zdmciPjwvc3ZnPg==\" class=\"lazyload\" \/><\/a><\/figure>\n\n\n\n<p>A gest\u00e3o municipal de SS do Umbuzeiro promoveu uma importante capacita\u00e7\u00e3o de profissionais dentro das perspectivas de educa\u00e7\u00e3o permanente em sa\u00fade.<\/p>\n\n\n\n<p>&nbsp;O evento foi realizado pela Prefeitura municipal de S\u00e3o Sebasti\u00e3o do Umbuzeiro por meio da Secretaria de Sa\u00fade que ofereceu para os profissionais de Aten\u00e7\u00e3o B\u00e1sica em Sa\u00fade, nesta sexta-feira (27\/09), um curso de capacita\u00e7\u00e3o em curativos e cobertura de feridas.<\/p>\n\n\n\n<p>&nbsp;O p\u00fablico alvo atingido foram m\u00e9dicos, enfermeiros e t\u00e9cnicos de enfermagem da Rede Municipal, tendo como palestrante a especialista em Curativos, Enfermeira Adriana Rodrigues , a qual \u00e9 propriet\u00e1ria da Cl\u00ednica Curative.<br><\/p>\n","protected":false},"excerpt":{"rendered":"<p>A gest\u00e3o municipal de SS do Umbuzeiro promoveu uma importante capacita\u00e7\u00e3o de profissionais dentro das perspectivas de educa\u00e7\u00e3o permanente em sa\u00fade. &nbsp;O evento foi realizado&hellip; <\/p>\n","protected":false},"author":1,"featured_media":121192,"comment_status":"closed","ping_status":"closed","sticky":false,"template":"","format":"standard","meta":{"sfsi_plus_gutenberg_text_before_share":"","sfsi_plus_gutenberg_show_text_before_share":"","sfsi_plus_gutenberg_icon_type":"","sfsi_plus_gutenberg_icon_alignemt":"","sfsi_plus_gutenburg_max_per_row":"","footnotes":""},"categories":[2],"tags":[],"class_list":["post-121191","post","type-post","status-publish","format-standard","has-post-thumbnail","hentry","category-geral"],"_links":{"self":[{"href":"https:\/\/www.caririemacao.com\/1\/wp-json\/wp\/v2\/posts\/121191","targetHints":{"allow":["GET"]}}],"collection":[{"href":"https:\/\/www.caririemacao.com\/1\/wp-json\/wp\/v2\/posts"}],"about":[{"href":"https:\/\/www.caririemacao.com\/1\/wp-json\/wp\/v2\/types\/post"}],"author":[{"embeddable":true,"href":"https:\/\/www.caririemacao.com\/1\/wp-json\/wp\/v2\/users\/1"}],"replies":[{"embeddable":true,"href":"https:\/\/www.caririemacao.com\/1\/wp-json\/wp\/v2\/comments?post=121191"}],"version-history":[{"count":1,"href":"https:\/\/www.caririemacao.com\/1\/wp-json\/wp\/v2\/posts\/121191\/revisions"}],"predecessor-version":[{"id":121193,"href":"https:\/\/www.caririemacao.com\/1\/wp-json\/wp\/v2\/posts\/121191\/revisions\/121193"}],"wp:featuredmedia":[{"embeddable":true,"href":"https:\/\/www.caririemacao.com\/1\/wp-json\/wp\/v2\/media\/121192"}],"wp:attachment":[{"href":"https:\/\/www.caririemacao.com\/1\/wp-json\/wp\/v2\/media?parent=121191"}],"wp:term":[{"taxonomy":"category","embeddable":true,"href":"https:\/\/www.caririemacao.com\/1\/wp-json\/wp\/v2\/categories?post=121191"},{"taxonomy":"post_tag","embeddable":true,"href":"https:\/\/www.caririemacao.com\/1\/wp-json\/wp\/v2\/tags?post=121191"}],"curies":[{"name":"wp","href":"https:\/\/api.w.org\/{rel}","templated":true}]}}