{"id":121225,"date":"2019-09-27T13:32:05","date_gmt":"2019-09-27T16:32:05","guid":{"rendered":"http:\/\/www.caririemacao.com\/1\/?p=121225"},"modified":"2019-09-27T13:32:05","modified_gmt":"2019-09-27T16:32:05","slug":"humorista-paraibano-e-atracao-no-programa-de-danilo-gentili","status":"publish","type":"post","link":"https:\/\/www.caririemacao.com\/1\/2019\/09\/27\/humorista-paraibano-e-atracao-no-programa-de-danilo-gentili\/","title":{"rendered":"Humorista paraibano \u00e9 atra\u00e7\u00e3o no programa de Danilo Gentili"},"content":{"rendered":"\n<p>O humorista paraibano, Renan da Resenha \u00e9 atra\u00e7\u00e3o no programa The Noite, apresentado por Danilo Gentili. O programa vai ao ar \u00e0s 00:45 no SBT.&nbsp;<\/p>\n\n\n\n<p>O programa foi gravado e Renan disse que fez o apresentador beber o famoso drink submarino, que usa cerveja e cana.&nbsp;<\/p>\n\n\n\n<p>Renan \u00e9 paraibano e possui 896 mil seguidores no Instagram. Ele \u00e9 famoso por gravar v\u00eddeos de uma forma humorada mostrando o cotidiano do brasileiro. Atualmente o humorista vai fazendo shows pelo pa\u00eds com o Boteco da Resenha.<\/p>\n","protected":false},"excerpt":{"rendered":"<p>O humorista paraibano, Renan da Resenha \u00e9 atra\u00e7\u00e3o no programa The Noite, apresentado por Danilo Gentili. O programa vai ao ar \u00e0s 00:45 no SBT.&nbsp;&hellip; <\/p>\n","protected":false},"author":1,"featured_media":121226,"comment_status":"closed","ping_status":"closed","sticky":false,"template":"","format":"standard","meta":{"sfsi_plus_gutenberg_text_before_share":"","sfsi_plus_gutenberg_show_text_before_share":"","sfsi_plus_gutenberg_icon_type":"","sfsi_plus_gutenberg_icon_alignemt":"","sfsi_plus_gutenburg_max_per_row":"","footnotes":""},"categories":[2],"tags":[],"class_list":["post-121225","post","type-post","status-publish","format-standard","has-post-thumbnail","hentry","category-geral"],"_links":{"self":[{"href":"https:\/\/www.caririemacao.com\/1\/wp-json\/wp\/v2\/posts\/121225","targetHints":{"allow":["GET"]}}],"collection":[{"href":"https:\/\/www.caririemacao.com\/1\/wp-json\/wp\/v2\/posts"}],"about":[{"href":"https:\/\/www.caririemacao.com\/1\/wp-json\/wp\/v2\/types\/post"}],"author":[{"embeddable":true,"href":"https:\/\/www.caririemacao.com\/1\/wp-json\/wp\/v2\/users\/1"}],"replies":[{"embeddable":true,"href":"https:\/\/www.caririemacao.com\/1\/wp-json\/wp\/v2\/comments?post=121225"}],"version-history":[{"count":1,"href":"https:\/\/www.caririemacao.com\/1\/wp-json\/wp\/v2\/posts\/121225\/revisions"}],"predecessor-version":[{"id":121227,"href":"https:\/\/www.caririemacao.com\/1\/wp-json\/wp\/v2\/posts\/121225\/revisions\/121227"}],"wp:featuredmedia":[{"embeddable":true,"href":"https:\/\/www.caririemacao.com\/1\/wp-json\/wp\/v2\/media\/121226"}],"wp:attachment":[{"href":"https:\/\/www.caririemacao.com\/1\/wp-json\/wp\/v2\/media?parent=121225"}],"wp:term":[{"taxonomy":"category","embeddable":true,"href":"https:\/\/www.caririemacao.com\/1\/wp-json\/wp\/v2\/categories?post=121225"},{"taxonomy":"post_tag","embeddable":true,"href":"https:\/\/www.caririemacao.com\/1\/wp-json\/wp\/v2\/tags?post=121225"}],"curies":[{"name":"wp","href":"https:\/\/api.w.org\/{rel}","templated":true}]}}