{"id":121244,"date":"2019-09-27T14:54:34","date_gmt":"2019-09-27T17:54:34","guid":{"rendered":"http:\/\/www.caririemacao.com\/1\/?p=121244"},"modified":"2019-09-27T14:54:34","modified_gmt":"2019-09-27T17:54:34","slug":"so-pelo-bafo-nao-vai-ter-emprego-comenta-bolsonaro-sobre-homem-que-pediu-ajuda","status":"publish","type":"post","link":"https:\/\/www.caririemacao.com\/1\/2019\/09\/27\/so-pelo-bafo-nao-vai-ter-emprego-comenta-bolsonaro-sobre-homem-que-pediu-ajuda\/","title":{"rendered":"S\u00f3 pelo bafo n\u00e3o vai ter emprego&#8217;, comenta Bolsonaro sobre homem que pediu ajuda"},"content":{"rendered":"\n<p>&nbsp;Em meio \u00e0 tradicional intera\u00e7\u00e3o com apoiadores na porta do Pal\u00e1cio da Alvorada , o presidente Jair Bolsonaro disse, na manh\u00e3 desta sexta-feira, que um deles n\u00e3o conseguiria emprego &#8220;s\u00f3 pelo bafo&#8221;, depois de o homem ter lhe pedido &#8220;ajuda&#8221;. O coment\u00e1rio foi captado pela transmiss\u00e3o ao vivo que o pr\u00f3prio Bolsonaro fez em redes sociais. O presidente falou sobre o suposto mau h\u00e1lito do apoiador ao p\u00e9 do ouvido de um seguran\u00e7a e deu risada.<\/p>\n\n\n\n<figure><iframe data-src=\"https:\/\/www.youtube.com\/embed\/96lXhueNGu4\" allowfullscreen=\"\" width=\"655\" height=\"360\" src=\"data:image\/svg+xml;base64,PHN2ZyB3aWR0aD0iMSIgaGVpZ2h0PSIxIiB4bWxucz0iaHR0cDovL3d3dy53My5vcmcvMjAwMC9zdmciPjwvc3ZnPg==\" class=\"lazyload\" data-load-mode=\"1\"><\/iframe><\/figure>\n\n\n\n<p>O apoiador falou diversas vezes com Bolsonaro. Primeiro, disse que amava o presidente, ressaltou que o turismo \u00e9 o &#8220;futuro do Brasil&#8221; e pediu ajuda, mas sem especificar como. Depois, disse que queria ajudar Bolsonaro a colocar o &#8220;turismo no topo&#8221;. Em certo momento, pediu para tirar uma foto com o presidente, e foi atendido. Logo depois, repetiu o pedido de ajuda:<\/p>\n\n\n\n<p>\u2014 Turismo, Bolsonaro, me ajuda, por favor.<\/p>\n\n\n\n<p>Nesse momento, o presidente fez o coment\u00e1rio sobre o &#8220;bafo&#8221; com um seguran\u00e7a que estava ao seu lado.<\/p>\n\n\n\n<p>\u2014 S\u00f3 pelo bafo, n\u00e3o vai ter emprego \u2014 disse o presidente.<\/p>\n\n\n\n<p>Bolsonaro autografou a camisa de diversas pessoas, a maioria delas crian\u00e7as. Ao final, o apoiador tamb\u00e9m teve sua camisa autografada e pediu ent\u00e3o para o presidente ler sua &#8220;carta&#8221;, sem especificar do que se tratava. Depois que o presidente j\u00e1 havia ido embora, no entanto, ele comemorou que tinha conseguido entregar seu curr\u00edculo.<\/p>\n\n\n\n<p>\u2014 L\u00ea minha carta, por favor. Te pe\u00e7o do fundo do cora\u00e7\u00e3o. O senhor l\u00ea? O senhor l\u00ea minha carta?<\/p>\n","protected":false},"excerpt":{"rendered":"<p>&nbsp;Em meio \u00e0 tradicional intera\u00e7\u00e3o com apoiadores na porta do Pal\u00e1cio da Alvorada , o presidente Jair Bolsonaro disse, na manh\u00e3 desta sexta-feira, que um&hellip; <\/p>\n","protected":false},"author":1,"featured_media":121246,"comment_status":"closed","ping_status":"closed","sticky":false,"template":"","format":"standard","meta":{"sfsi_plus_gutenberg_text_before_share":"","sfsi_plus_gutenberg_show_text_before_share":"","sfsi_plus_gutenberg_icon_type":"","sfsi_plus_gutenberg_icon_alignemt":"","sfsi_plus_gutenburg_max_per_row":"","footnotes":""},"categories":[2],"tags":[],"class_list":["post-121244","post","type-post","status-publish","format-standard","has-post-thumbnail","hentry","category-geral"],"_links":{"self":[{"href":"https:\/\/www.caririemacao.com\/1\/wp-json\/wp\/v2\/posts\/121244","targetHints":{"allow":["GET"]}}],"collection":[{"href":"https:\/\/www.caririemacao.com\/1\/wp-json\/wp\/v2\/posts"}],"about":[{"href":"https:\/\/www.caririemacao.com\/1\/wp-json\/wp\/v2\/types\/post"}],"author":[{"embeddable":true,"href":"https:\/\/www.caririemacao.com\/1\/wp-json\/wp\/v2\/users\/1"}],"replies":[{"embeddable":true,"href":"https:\/\/www.caririemacao.com\/1\/wp-json\/wp\/v2\/comments?post=121244"}],"version-history":[{"count":1,"href":"https:\/\/www.caririemacao.com\/1\/wp-json\/wp\/v2\/posts\/121244\/revisions"}],"predecessor-version":[{"id":121247,"href":"https:\/\/www.caririemacao.com\/1\/wp-json\/wp\/v2\/posts\/121244\/revisions\/121247"}],"wp:featuredmedia":[{"embeddable":true,"href":"https:\/\/www.caririemacao.com\/1\/wp-json\/wp\/v2\/media\/121246"}],"wp:attachment":[{"href":"https:\/\/www.caririemacao.com\/1\/wp-json\/wp\/v2\/media?parent=121244"}],"wp:term":[{"taxonomy":"category","embeddable":true,"href":"https:\/\/www.caririemacao.com\/1\/wp-json\/wp\/v2\/categories?post=121244"},{"taxonomy":"post_tag","embeddable":true,"href":"https:\/\/www.caririemacao.com\/1\/wp-json\/wp\/v2\/tags?post=121244"}],"curies":[{"name":"wp","href":"https:\/\/api.w.org\/{rel}","templated":true}]}}