{"id":121265,"date":"2019-09-27T17:52:40","date_gmt":"2019-09-27T20:52:40","guid":{"rendered":"http:\/\/www.caririemacao.com\/1\/?p=121265"},"modified":"2019-09-27T17:52:40","modified_gmt":"2019-09-27T20:52:40","slug":"nuca-de-prata-se-mobiliza-em-busca-do-selo-unicef-2017-2020","status":"publish","type":"post","link":"https:\/\/www.caririemacao.com\/1\/2019\/09\/27\/nuca-de-prata-se-mobiliza-em-busca-do-selo-unicef-2017-2020\/","title":{"rendered":"Nuca de Prata se mobiliza em busca do selo UNICEF 2017\/2020"},"content":{"rendered":"\n<p>Nesta Quinta-feira dia 26 de Setembro, aconteceu nas depend\u00eancias da C\u00e2mara Municipal de Prata, uma sabatina de perguntas e respostas conduzidas pelas adolescentes do NUCA &#8211; N\u00facleo de Cidadania para Adolescentes.<br>Estiveram presentes as tr\u00eas vereadoras do Munic\u00edpio de Prata, a vereadora Veronica, vereadora Sheyla, e \u00e0 Vereadora Adeilza,\u00a0<br>O momento contou com perguntas norteadoras sobre o papel das parlamentares mulheres e o fortalecimento feminino na Pol\u00edtica; sendo um dos itens para o desafio n\u00famero 5\u00b0 do NUCA, tra\u00e7ando assim mais um passo em busca do SELO UNICEF para o Munic\u00edpio de Prata.<br><\/p>\n\n\n\n<p>PORTALCARIRIPB<\/p>\n","protected":false},"excerpt":{"rendered":"<p>Nesta Quinta-feira dia 26 de Setembro, aconteceu nas depend\u00eancias da C\u00e2mara Municipal de Prata, uma sabatina de perguntas e respostas conduzidas pelas adolescentes do NUCA&hellip; <\/p>\n","protected":false},"author":1,"featured_media":121268,"comment_status":"closed","ping_status":"closed","sticky":false,"template":"","format":"standard","meta":{"sfsi_plus_gutenberg_text_before_share":"","sfsi_plus_gutenberg_show_text_before_share":"","sfsi_plus_gutenberg_icon_type":"","sfsi_plus_gutenberg_icon_alignemt":"","sfsi_plus_gutenburg_max_per_row":"","footnotes":""},"categories":[2],"tags":[],"class_list":["post-121265","post","type-post","status-publish","format-standard","has-post-thumbnail","hentry","category-geral"],"_links":{"self":[{"href":"https:\/\/www.caririemacao.com\/1\/wp-json\/wp\/v2\/posts\/121265","targetHints":{"allow":["GET"]}}],"collection":[{"href":"https:\/\/www.caririemacao.com\/1\/wp-json\/wp\/v2\/posts"}],"about":[{"href":"https:\/\/www.caririemacao.com\/1\/wp-json\/wp\/v2\/types\/post"}],"author":[{"embeddable":true,"href":"https:\/\/www.caririemacao.com\/1\/wp-json\/wp\/v2\/users\/1"}],"replies":[{"embeddable":true,"href":"https:\/\/www.caririemacao.com\/1\/wp-json\/wp\/v2\/comments?post=121265"}],"version-history":[{"count":1,"href":"https:\/\/www.caririemacao.com\/1\/wp-json\/wp\/v2\/posts\/121265\/revisions"}],"predecessor-version":[{"id":121269,"href":"https:\/\/www.caririemacao.com\/1\/wp-json\/wp\/v2\/posts\/121265\/revisions\/121269"}],"wp:featuredmedia":[{"embeddable":true,"href":"https:\/\/www.caririemacao.com\/1\/wp-json\/wp\/v2\/media\/121268"}],"wp:attachment":[{"href":"https:\/\/www.caririemacao.com\/1\/wp-json\/wp\/v2\/media?parent=121265"}],"wp:term":[{"taxonomy":"category","embeddable":true,"href":"https:\/\/www.caririemacao.com\/1\/wp-json\/wp\/v2\/categories?post=121265"},{"taxonomy":"post_tag","embeddable":true,"href":"https:\/\/www.caririemacao.com\/1\/wp-json\/wp\/v2\/tags?post=121265"}],"curies":[{"name":"wp","href":"https:\/\/api.w.org\/{rel}","templated":true}]}}