{"id":121285,"date":"2019-09-28T00:14:02","date_gmt":"2019-09-28T03:14:02","guid":{"rendered":"http:\/\/www.caririemacao.com\/1\/?p=121285"},"modified":"2019-09-28T00:14:02","modified_gmt":"2019-09-28T03:14:02","slug":"prefeitura-de-sume-promove-feira-de-saude-e-realiza-150-atendimentos-no-mandacaru","status":"publish","type":"post","link":"https:\/\/www.caririemacao.com\/1\/2019\/09\/28\/prefeitura-de-sume-promove-feira-de-saude-e-realiza-150-atendimentos-no-mandacaru\/","title":{"rendered":"Prefeitura de Sum\u00e9 promove feira de sa\u00fade e realiza 150 atendimentos no Mandacaru"},"content":{"rendered":"\n<p> A\u00a0Prefeitura de Sum\u00e9, atrav\u00e9s da Secretaria de Sa\u00fade, realizou nesta quinta-feira (27\/09), uma feira de sa\u00fade no bairro do Mandacaru. O objetivo foi oferecer maior acesso aos servi\u00e7os de sa\u00fade para a popula\u00e7\u00e3o.<\/p>\n\n\n\n<p>A feira foi considerada um sucesso pela organiza\u00e7\u00e3o e contou com grande participa\u00e7\u00e3o da comunidade. Foram realizadas 40 consultas m\u00e9dicas, 50 testes r\u00e1pidos, 42 exames de tipagens sangu\u00edneas, 12 atendimentos odontol\u00f3gicos, 14 de enfermagem e 50 aferi\u00e7\u00f5es de press\u00e3o e testes de glicemia.<\/p>\n\n\n\n<p>O p\u00fablico tamb\u00e9m contou com exames citol\u00f3gicos, avalia\u00e7\u00e3o das mamas, testes r\u00e1pidos para HIV, s\u00edfilis e hepatites, vacina\u00e7\u00e3o, atendimento com nutricionista, fisioterapeutas, CAPS com demonstra\u00e7\u00e3o dos trabalhos realizados pelos usu\u00e1rios, educador f\u00edsico explicando como funciona as academias de sa\u00fade do munic\u00edpio e como fazer para participarem.<\/p>\n\n\n\n<p>De acordo com a secret\u00e1ria de Sa\u00fade, Alessandra Regina, a amplia\u00e7\u00e3o dos servi\u00e7os no bairro do Mandacaru foi uma solicita\u00e7\u00e3o dos moradores na plen\u00e1ria do Or\u00e7amento Democr\u00e1tico, e j\u00e1 sendo atendida pela gest\u00e3o municipal. \u201cAtividades como essa s\u00e3o de extrema import\u00e2ncia para prestar servi\u00e7os b\u00e1sicos de sa\u00fade para quem mais precisa ou n\u00e3o tem acesso f\u00e1cil a esses servi\u00e7os\u201d, destacou a secret\u00e1ria.<\/p>\n","protected":false},"excerpt":{"rendered":"<p>A\u00a0Prefeitura de Sum\u00e9, atrav\u00e9s da Secretaria de Sa\u00fade, realizou nesta quinta-feira (27\/09), uma feira de sa\u00fade no bairro do Mandacaru. O objetivo foi oferecer maior&hellip; <\/p>\n","protected":false},"author":1,"featured_media":121289,"comment_status":"closed","ping_status":"closed","sticky":false,"template":"","format":"standard","meta":{"sfsi_plus_gutenberg_text_before_share":"","sfsi_plus_gutenberg_show_text_before_share":"","sfsi_plus_gutenberg_icon_type":"","sfsi_plus_gutenberg_icon_alignemt":"","sfsi_plus_gutenburg_max_per_row":"","footnotes":""},"categories":[16],"tags":[],"class_list":["post-121285","post","type-post","status-publish","format-standard","has-post-thumbnail","hentry","category-saude"],"_links":{"self":[{"href":"https:\/\/www.caririemacao.com\/1\/wp-json\/wp\/v2\/posts\/121285","targetHints":{"allow":["GET"]}}],"collection":[{"href":"https:\/\/www.caririemacao.com\/1\/wp-json\/wp\/v2\/posts"}],"about":[{"href":"https:\/\/www.caririemacao.com\/1\/wp-json\/wp\/v2\/types\/post"}],"author":[{"embeddable":true,"href":"https:\/\/www.caririemacao.com\/1\/wp-json\/wp\/v2\/users\/1"}],"replies":[{"embeddable":true,"href":"https:\/\/www.caririemacao.com\/1\/wp-json\/wp\/v2\/comments?post=121285"}],"version-history":[{"count":1,"href":"https:\/\/www.caririemacao.com\/1\/wp-json\/wp\/v2\/posts\/121285\/revisions"}],"predecessor-version":[{"id":121290,"href":"https:\/\/www.caririemacao.com\/1\/wp-json\/wp\/v2\/posts\/121285\/revisions\/121290"}],"wp:featuredmedia":[{"embeddable":true,"href":"https:\/\/www.caririemacao.com\/1\/wp-json\/wp\/v2\/media\/121289"}],"wp:attachment":[{"href":"https:\/\/www.caririemacao.com\/1\/wp-json\/wp\/v2\/media?parent=121285"}],"wp:term":[{"taxonomy":"category","embeddable":true,"href":"https:\/\/www.caririemacao.com\/1\/wp-json\/wp\/v2\/categories?post=121285"},{"taxonomy":"post_tag","embeddable":true,"href":"https:\/\/www.caririemacao.com\/1\/wp-json\/wp\/v2\/tags?post=121285"}],"curies":[{"name":"wp","href":"https:\/\/api.w.org\/{rel}","templated":true}]}}