{"id":121301,"date":"2019-09-28T00:19:21","date_gmt":"2019-09-28T03:19:21","guid":{"rendered":"http:\/\/www.caririemacao.com\/1\/?p=121301"},"modified":"2019-09-28T00:19:21","modified_gmt":"2019-09-28T03:19:21","slug":"julian-lemos-pede-reembolso-a-camara-de-coca-cola-de-r-343-e-frei-anastacio-de-cafe-de-r-550","status":"publish","type":"post","link":"https:\/\/www.caririemacao.com\/1\/2019\/09\/28\/julian-lemos-pede-reembolso-a-camara-de-coca-cola-de-r-343-e-frei-anastacio-de-cafe-de-r-550\/","title":{"rendered":"Julian Lemos pede reembolso \u00e0 C\u00e2mara de coca-cola de R$ 3,43 e Frei Anast\u00e1cio de caf\u00e9 de R$ 5,50"},"content":{"rendered":"\n<p>A C\u00e2mara Federal reembolsou os deputados estreantes Julian Lemos (PSL), por uma Coca-Cola de R$ 3,43, e Frei Anast\u00e1cio (PT), por um caf\u00e9 de R$ 5,50.<\/p>\n\n\n\n<p><\/p>\n\n\n\n<p>Julian encaminhou o pedido \u00e0 Casa apresentando uma nota fiscal eletr\u00f4nica referente a um lanche no Congresso Nacional, onde ele adquiriu o refrigerante e um Torcidinho de Frango, no valor de R$ 8,72.&nbsp; Ao todo, o parlamentar gastou R$ 12,15, valor que foi reembolsado pelos cofres p\u00fablicos ao deputado.&nbsp;<\/p>\n\n\n\n<p>J\u00e1 Frei Anast\u00e1cio (PT) tomou o caf\u00e9 acompanhado de um buffett que custou R$ 11,90. Somando, o parlamentar pediu ressarcimento de R$ 19,14, mas s\u00f3 recebeu de volta R$17,40.&nbsp;<\/p>\n\n\n\n<p><\/p>\n\n\n\n<p>Do total dispon\u00edvel para cota parlamentar, que \u00e9 verba destinada para uso de cada deputado com alimenta\u00e7\u00e3o, hospedagem, telefonia, servi\u00e7os postais, locomo\u00e7\u00e3o, passagens aereas e outros, Julian Lemos gastou R$ 302 mil e Frei Anast\u00e1cio R$ 279 mi. Os valores s\u00e3o referentes aos gastos em 2019.<\/p>\n\n\n\n<p><\/p>\n\n\n\n<p>O que dizem os citados<\/p>\n\n\n\n<p><\/p>\n\n\n\n<p>Ao Blog, o deputado Julian Lemos reconheceu o valor pago pelo lanche.<\/p>\n\n\n\n<p><\/p>\n\n\n\n<p><\/p>\n\n\n\n<p>\u201cFoi eu que lanchei, isso n\u00e3o tem problema na C\u00e2mara dos Deputados, \u00e9 normal. Se a gente gasta R$ 200 \u00e9 caro, se gasta R$ 12 \u00e9 barato. Isso [alimenta\u00e7\u00e3o] faz parte da atividade parlamentar, agora fa\u00e7o por onde o gasto ser o menor poss\u00edvel\u201d, disse.<\/p>\n\n\n\n<p><\/p>\n\n\n\n<p>O deputado Frei Anast\u00e1cio n\u00e3o atendeu \u00e0s liga\u00e7\u00f5es.<br><\/p>\n","protected":false},"excerpt":{"rendered":"<p>A C\u00e2mara Federal reembolsou os deputados estreantes Julian Lemos (PSL), por uma Coca-Cola de R$ 3,43, e Frei Anast\u00e1cio (PT), por um caf\u00e9 de R$&hellip; <\/p>\n","protected":false},"author":1,"featured_media":121302,"comment_status":"closed","ping_status":"closed","sticky":false,"template":"","format":"standard","meta":{"sfsi_plus_gutenberg_text_before_share":"","sfsi_plus_gutenberg_show_text_before_share":"","sfsi_plus_gutenberg_icon_type":"","sfsi_plus_gutenberg_icon_alignemt":"","sfsi_plus_gutenburg_max_per_row":"","footnotes":""},"categories":[2],"tags":[],"class_list":["post-121301","post","type-post","status-publish","format-standard","has-post-thumbnail","hentry","category-geral"],"_links":{"self":[{"href":"https:\/\/www.caririemacao.com\/1\/wp-json\/wp\/v2\/posts\/121301","targetHints":{"allow":["GET"]}}],"collection":[{"href":"https:\/\/www.caririemacao.com\/1\/wp-json\/wp\/v2\/posts"}],"about":[{"href":"https:\/\/www.caririemacao.com\/1\/wp-json\/wp\/v2\/types\/post"}],"author":[{"embeddable":true,"href":"https:\/\/www.caririemacao.com\/1\/wp-json\/wp\/v2\/users\/1"}],"replies":[{"embeddable":true,"href":"https:\/\/www.caririemacao.com\/1\/wp-json\/wp\/v2\/comments?post=121301"}],"version-history":[{"count":1,"href":"https:\/\/www.caririemacao.com\/1\/wp-json\/wp\/v2\/posts\/121301\/revisions"}],"predecessor-version":[{"id":121303,"href":"https:\/\/www.caririemacao.com\/1\/wp-json\/wp\/v2\/posts\/121301\/revisions\/121303"}],"wp:featuredmedia":[{"embeddable":true,"href":"https:\/\/www.caririemacao.com\/1\/wp-json\/wp\/v2\/media\/121302"}],"wp:attachment":[{"href":"https:\/\/www.caririemacao.com\/1\/wp-json\/wp\/v2\/media?parent=121301"}],"wp:term":[{"taxonomy":"category","embeddable":true,"href":"https:\/\/www.caririemacao.com\/1\/wp-json\/wp\/v2\/categories?post=121301"},{"taxonomy":"post_tag","embeddable":true,"href":"https:\/\/www.caririemacao.com\/1\/wp-json\/wp\/v2\/tags?post=121301"}],"curies":[{"name":"wp","href":"https:\/\/api.w.org\/{rel}","templated":true}]}}