{"id":121314,"date":"2019-09-28T00:21:07","date_gmt":"2019-09-28T03:21:07","guid":{"rendered":"http:\/\/www.caririemacao.com\/1\/?p=121314"},"modified":"2019-09-28T00:21:07","modified_gmt":"2019-09-28T03:21:07","slug":"ministro-pede-retirada-de-porte-de-armas-de-janot","status":"publish","type":"post","link":"https:\/\/www.caririemacao.com\/1\/2019\/09\/28\/ministro-pede-retirada-de-porte-de-armas-de-janot\/","title":{"rendered":"Ministro pede retirada de porte de armas de Janot"},"content":{"rendered":"\n<p>O \u00a0ministro do Supremo Tribunal Federal (STF), Gilmar Mendes, pediu a retirada do porte de armas do ex-procurador-geral da Rep\u00fablica, Rodrigo Janot. A solicita\u00e7\u00e3o aconteceu nesta sexta-feira (27), ap\u00f3s o ex-PGR admitir que j\u00e1 teve inten\u00e7\u00e3o de matar o ministro e se suicidar em seguida.<\/p>\n\n\n\n<p>Mendes tamb\u00e9m pediu que Janot seja impedido de entrar no tribunal.&nbsp; Antes da entrevista, Janot havia feito a revela\u00e7\u00e3o em um livro, mas o relato n\u00e3o identificava o ministro.<\/p>\n\n\n\n<p>Em conversa com jornalistas, o ex-procurador mencionou Mendes. \u201cCheguei no meu limite, fui armado. Minha id\u00e9ia era que eu ia dar um tiro na cara dele e depois ia me suicidar. Quando chego na sala do Supremo, ele estava. Tirei, engatilhei e fui para cima dele\u201d, relatou.<\/p>\n\n\n\n<p>Gilmar Mendes lamentou o fato em nota. \u201cPor um bom tempo, uma parte do devido processo legal no pa\u00eds ficou ref\u00e9m de quem confessa ter impulsos homicidas\u201d, disse em trecho do documento, onde o ministro tamb\u00e9m afirmou estar surpreso com a declara\u00e7\u00e3o, al\u00e9m de recomendar ajuda psiqui\u00e1trica.<\/p>\n","protected":false},"excerpt":{"rendered":"<p>O \u00a0ministro do Supremo Tribunal Federal (STF), Gilmar Mendes, pediu a retirada do porte de armas do ex-procurador-geral da Rep\u00fablica, Rodrigo Janot. A solicita\u00e7\u00e3o aconteceu&hellip; <\/p>\n","protected":false},"author":1,"featured_media":121316,"comment_status":"closed","ping_status":"closed","sticky":false,"template":"","format":"standard","meta":{"sfsi_plus_gutenberg_text_before_share":"","sfsi_plus_gutenberg_show_text_before_share":"","sfsi_plus_gutenberg_icon_type":"","sfsi_plus_gutenberg_icon_alignemt":"","sfsi_plus_gutenburg_max_per_row":"","footnotes":""},"categories":[11],"tags":[],"class_list":["post-121314","post","type-post","status-publish","format-standard","has-post-thumbnail","hentry","category-politica"],"_links":{"self":[{"href":"https:\/\/www.caririemacao.com\/1\/wp-json\/wp\/v2\/posts\/121314","targetHints":{"allow":["GET"]}}],"collection":[{"href":"https:\/\/www.caririemacao.com\/1\/wp-json\/wp\/v2\/posts"}],"about":[{"href":"https:\/\/www.caririemacao.com\/1\/wp-json\/wp\/v2\/types\/post"}],"author":[{"embeddable":true,"href":"https:\/\/www.caririemacao.com\/1\/wp-json\/wp\/v2\/users\/1"}],"replies":[{"embeddable":true,"href":"https:\/\/www.caririemacao.com\/1\/wp-json\/wp\/v2\/comments?post=121314"}],"version-history":[{"count":1,"href":"https:\/\/www.caririemacao.com\/1\/wp-json\/wp\/v2\/posts\/121314\/revisions"}],"predecessor-version":[{"id":121317,"href":"https:\/\/www.caririemacao.com\/1\/wp-json\/wp\/v2\/posts\/121314\/revisions\/121317"}],"wp:featuredmedia":[{"embeddable":true,"href":"https:\/\/www.caririemacao.com\/1\/wp-json\/wp\/v2\/media\/121316"}],"wp:attachment":[{"href":"https:\/\/www.caririemacao.com\/1\/wp-json\/wp\/v2\/media?parent=121314"}],"wp:term":[{"taxonomy":"category","embeddable":true,"href":"https:\/\/www.caririemacao.com\/1\/wp-json\/wp\/v2\/categories?post=121314"},{"taxonomy":"post_tag","embeddable":true,"href":"https:\/\/www.caririemacao.com\/1\/wp-json\/wp\/v2\/tags?post=121314"}],"curies":[{"name":"wp","href":"https:\/\/api.w.org\/{rel}","templated":true}]}}