{"id":121323,"date":"2019-09-28T00:23:02","date_gmt":"2019-09-28T03:23:02","guid":{"rendered":"http:\/\/www.caririemacao.com\/1\/?p=121323"},"modified":"2019-09-28T00:23:02","modified_gmt":"2019-09-28T03:23:02","slug":"bandeira-de-outubro-nas-contas-sera-amarela","status":"publish","type":"post","link":"https:\/\/www.caririemacao.com\/1\/2019\/09\/28\/bandeira-de-outubro-nas-contas-sera-amarela\/","title":{"rendered":"Bandeira de outubro nas contas ser\u00e1 amarela"},"content":{"rendered":"\n<p>A Ag\u00eancia Nacional de Energia El\u00e9trica (Aneel) informou, nesta sexta-feira (27) que a bandeira tarif\u00e1ria para o m\u00eas de outubro de 2019 ser\u00e1 na cor amarela, com acr\u00e9scimo de R$1,50 extra para cada 100 quilowatts-hora consumidos. Em agosto e setembro houve a cobran\u00e7a da bandeira tarif\u00e1ria vermelhas no patamar 1, quando h\u00e1 um acr\u00e9scimo de para R$ 4 a cada 100 kWh consumidos.<\/p>\n\n\n\n<p>De acordo com a ag\u00eancia, a decis\u00e3o de alterar a bandeira se deve ao fato&nbsp;de outubro&nbsp;ser um m\u00eas de transi\u00e7\u00e3o ente a esta\u00e7\u00e3o seca e a chuvosa.&nbsp;Com isso, diminuiu a necessidade de acionar usinas termel\u00e9tricas, que possuem custo de gera\u00e7\u00e3o de energia mais caro.<\/p>\n\n\n\n<p>\u201d&nbsp;A previs\u00e3o hidrol\u00f3gica para o m\u00eas sinaliza eleva\u00e7\u00e3o das vaz\u00f5es afluentes aos principais reservat\u00f3rios, o que tamb\u00e9m permitir\u00e1 reduzir a oferta de energia suprida pelo parque termel\u00e9trico\u201d, disse a Aneel.<\/p>\n\n\n\n<p>Criado pela Aneel, o sistema de bandeiras tarif\u00e1rias sinaliza o custo real da energia gerada, possibilitando aos consumidores o bom uso da energia el\u00e9trica. O funcionamento das bandeiras tarif\u00e1rias \u00e9 simples: as cores verde, amarela ou vermelha (nos patamares 1 e 2) indicam se a energia custar\u00e1 mais ou menos em fun\u00e7\u00e3o das condi\u00e7\u00f5es de gera\u00e7\u00e3o.<\/p>\n\n\n\n<p>O c\u00e1lculo para acionamento das bandeiras tarif\u00e1rias leva em conta, principalmente, dois fatores: o risco hidrol\u00f3gico (GSF, na sigla em ingl\u00eas) e o pre\u00e7o da energia (PLD). Segundo a ag\u00eancia, o cen\u00e1rio favor\u00e1vel reduziu o pre\u00e7o da energia para o seu patamar m\u00ednimo, o que \u201cdiminui os custos relacionados ao risco hidrol\u00f3gico e \u00e0 gera\u00e7\u00e3o de energia de fontes termel\u00e9tricas\u201d, possibilitando a manuten\u00e7\u00e3o dos n\u00edveis dos principais reservat\u00f3rios pr\u00f3ximos \u00e0 refer\u00eancia atual.<\/p>\n\n\n\n<p>No dia&nbsp;21 de maio, ag\u00eancia aprovou um reajuste no valor das bandeiras tarif\u00e1rias. Com os novos valores, caso haja o acionamento, o acr\u00e9scimo cobrado na conta pelo acionamento da bandeira amarela passou de R$ 1 para R$ 1,50 a cada 100 kWh consumidos. J\u00e1 a&nbsp;bandeira&nbsp;vermelha patamar 1 passou de R$ 3 para R$ 4 a cada 100 kWh e no patamar 2 da&nbsp;bandeira&nbsp;passou de R$ 5 para R$ 6 por 100 kWh consumidos. A bandeira verde n\u00e3o tem cobran\u00e7a extra.<\/p>\n\n\n\n<p>Os recursos pagos pelos consumidores v\u00e3o para uma conta espec\u00edfica e depois s\u00e3o repassados \u00e0s distribuidoras de energia para compensar o custo extra da produ\u00e7\u00e3o de energia em per\u00edodos de seca.<\/p>\n","protected":false},"excerpt":{"rendered":"<p>A Ag\u00eancia Nacional de Energia El\u00e9trica (Aneel) informou, nesta sexta-feira (27) que a bandeira tarif\u00e1ria para o m\u00eas de outubro de 2019 ser\u00e1 na cor&hellip; <\/p>\n","protected":false},"author":1,"featured_media":107918,"comment_status":"closed","ping_status":"closed","sticky":false,"template":"","format":"standard","meta":{"sfsi_plus_gutenberg_text_before_share":"","sfsi_plus_gutenberg_show_text_before_share":"","sfsi_plus_gutenberg_icon_type":"","sfsi_plus_gutenberg_icon_alignemt":"","sfsi_plus_gutenburg_max_per_row":"","footnotes":""},"categories":[6],"tags":[],"class_list":["post-121323","post","type-post","status-publish","format-standard","has-post-thumbnail","hentry","category-cidades"],"_links":{"self":[{"href":"https:\/\/www.caririemacao.com\/1\/wp-json\/wp\/v2\/posts\/121323","targetHints":{"allow":["GET"]}}],"collection":[{"href":"https:\/\/www.caririemacao.com\/1\/wp-json\/wp\/v2\/posts"}],"about":[{"href":"https:\/\/www.caririemacao.com\/1\/wp-json\/wp\/v2\/types\/post"}],"author":[{"embeddable":true,"href":"https:\/\/www.caririemacao.com\/1\/wp-json\/wp\/v2\/users\/1"}],"replies":[{"embeddable":true,"href":"https:\/\/www.caririemacao.com\/1\/wp-json\/wp\/v2\/comments?post=121323"}],"version-history":[{"count":1,"href":"https:\/\/www.caririemacao.com\/1\/wp-json\/wp\/v2\/posts\/121323\/revisions"}],"predecessor-version":[{"id":121325,"href":"https:\/\/www.caririemacao.com\/1\/wp-json\/wp\/v2\/posts\/121323\/revisions\/121325"}],"wp:featuredmedia":[{"embeddable":true,"href":"https:\/\/www.caririemacao.com\/1\/wp-json\/wp\/v2\/media\/107918"}],"wp:attachment":[{"href":"https:\/\/www.caririemacao.com\/1\/wp-json\/wp\/v2\/media?parent=121323"}],"wp:term":[{"taxonomy":"category","embeddable":true,"href":"https:\/\/www.caririemacao.com\/1\/wp-json\/wp\/v2\/categories?post=121323"},{"taxonomy":"post_tag","embeddable":true,"href":"https:\/\/www.caririemacao.com\/1\/wp-json\/wp\/v2\/tags?post=121323"}],"curies":[{"name":"wp","href":"https:\/\/api.w.org\/{rel}","templated":true}]}}