{"id":121334,"date":"2019-09-28T00:26:02","date_gmt":"2019-09-28T03:26:02","guid":{"rendered":"http:\/\/www.caririemacao.com\/1\/?p=121334"},"modified":"2019-09-28T00:26:02","modified_gmt":"2019-09-28T03:26:02","slug":"eduardo-bolsonaro-faz-gesto-de-arma-em-frente-a-monumento-pela-paz-em-nova-york","status":"publish","type":"post","link":"https:\/\/www.caririemacao.com\/1\/2019\/09\/28\/eduardo-bolsonaro-faz-gesto-de-arma-em-frente-a-monumento-pela-paz-em-nova-york\/","title":{"rendered":"Eduardo Bolsonaro faz gesto de arma em frente a monumento pela paz em Nova York"},"content":{"rendered":"\n<p>&nbsp;O deputado federal Eduardo Bolsonaro (PSL), indicado para a embaixada do Brasil nos EUA, postou na quinta-feira (26) uma foto em seu Twitter fazendo o gesto da &#8220;arminha&#8221; em frente a um monumento pela paz que fica na sede da ONU, em Nova York.<\/p>\n\n\n\n<p>A escultura do sueco Carl Fredrik Reutersw\u00e4rd &#8211; um rev\u00f3lver cujo cano termina amarrado em um n\u00f3 &#8211; foi feita ap\u00f3s o assassinato de John Lennon, morto a tiros em 8 de dezembro de 1980, como uma homenagem ao m\u00fasico.<\/p>\n\n\n\n<p>A obra, um dos mais conhecidos monumentos ao desarmamento no mundo, encontra-se na ONU desde 1988. O artista faleceu em 2016.<\/p>\n\n\n\n<p>Eduardo estava nos EUA acompanhando a comitiva presidencial que participava da Assembleia Geral da ONU.<\/p>\n","protected":false},"excerpt":{"rendered":"<p>&nbsp;O deputado federal Eduardo Bolsonaro (PSL), indicado para a embaixada do Brasil nos EUA, postou na quinta-feira (26) uma foto em seu Twitter fazendo o&hellip; <\/p>\n","protected":false},"author":1,"featured_media":121336,"comment_status":"closed","ping_status":"closed","sticky":false,"template":"","format":"standard","meta":{"sfsi_plus_gutenberg_text_before_share":"","sfsi_plus_gutenberg_show_text_before_share":"","sfsi_plus_gutenberg_icon_type":"","sfsi_plus_gutenberg_icon_alignemt":"","sfsi_plus_gutenburg_max_per_row":"","footnotes":""},"categories":[2],"tags":[],"class_list":["post-121334","post","type-post","status-publish","format-standard","has-post-thumbnail","hentry","category-geral"],"_links":{"self":[{"href":"https:\/\/www.caririemacao.com\/1\/wp-json\/wp\/v2\/posts\/121334","targetHints":{"allow":["GET"]}}],"collection":[{"href":"https:\/\/www.caririemacao.com\/1\/wp-json\/wp\/v2\/posts"}],"about":[{"href":"https:\/\/www.caririemacao.com\/1\/wp-json\/wp\/v2\/types\/post"}],"author":[{"embeddable":true,"href":"https:\/\/www.caririemacao.com\/1\/wp-json\/wp\/v2\/users\/1"}],"replies":[{"embeddable":true,"href":"https:\/\/www.caririemacao.com\/1\/wp-json\/wp\/v2\/comments?post=121334"}],"version-history":[{"count":1,"href":"https:\/\/www.caririemacao.com\/1\/wp-json\/wp\/v2\/posts\/121334\/revisions"}],"predecessor-version":[{"id":121337,"href":"https:\/\/www.caririemacao.com\/1\/wp-json\/wp\/v2\/posts\/121334\/revisions\/121337"}],"wp:featuredmedia":[{"embeddable":true,"href":"https:\/\/www.caririemacao.com\/1\/wp-json\/wp\/v2\/media\/121336"}],"wp:attachment":[{"href":"https:\/\/www.caririemacao.com\/1\/wp-json\/wp\/v2\/media?parent=121334"}],"wp:term":[{"taxonomy":"category","embeddable":true,"href":"https:\/\/www.caririemacao.com\/1\/wp-json\/wp\/v2\/categories?post=121334"},{"taxonomy":"post_tag","embeddable":true,"href":"https:\/\/www.caririemacao.com\/1\/wp-json\/wp\/v2\/tags?post=121334"}],"curies":[{"name":"wp","href":"https:\/\/api.w.org\/{rel}","templated":true}]}}