{"id":121356,"date":"2019-09-28T00:30:26","date_gmt":"2019-09-28T03:30:26","guid":{"rendered":"http:\/\/www.caririemacao.com\/1\/?p=121356"},"modified":"2019-09-28T00:30:26","modified_gmt":"2019-09-28T03:30:26","slug":"quase-1-milhao-fazem-2a-fase-da-olimpiada-de-matematica-hoje","status":"publish","type":"post","link":"https:\/\/www.caririemacao.com\/1\/2019\/09\/28\/quase-1-milhao-fazem-2a-fase-da-olimpiada-de-matematica-hoje\/","title":{"rendered":"Quase 1 milh\u00e3o fazem 2\u00aa fase da Olimp\u00edada de Matem\u00e1tica hoje"},"content":{"rendered":"\n<p>Cerca de 1 milh\u00e3o de alunos de escolas p\u00fablicas e privadas de todo o Brasil far\u00e3o amanh\u00e3 (28) a prova da segunda fase da Olimp\u00edada Brasileira de Matem\u00e1tica das Escolas P\u00fablicas (Obmep). O in\u00edcio da aplica\u00e7\u00e3o ser\u00e1 \u00e0s 14h30, no hor\u00e1rio de Bras\u00edlia.<\/p>\n\n\n\n<p>Nesta fase, os estudantes que se classificaram na primeira fase da competi\u00e7\u00e3o responder\u00e3o a seis quest\u00f5es discursivas. Ao todo, ter\u00e3o 3 horas para respond\u00ea-las. Os alunos que fazem a prova em braille, a prova ampliada ou que precisem de acompanhante ter\u00e3o at\u00e9 4 horas de prova.<\/p>\n\n\n\n<p>Esta \u00e9 a 15\u00aa edi\u00e7\u00e3o da Olimp\u00edada, que tem como tema os povos ind\u00edgenas. O exame, este ano, bateu recorde, foram, de acordo com a organiza\u00e7\u00e3o, 54.830 escolas inscritas, distribu\u00eddas em 99,71% dos munic\u00edpios brasileiros. Na primeira fase, a Obmep 2019 contou com a inscri\u00e7\u00e3o de 18,1 milh\u00f5es de estudantes de 54.831 escolas p\u00fablicas e privadas.<\/p>\n\n\n\n<p><a href=\"http:\/\/[link:%20http:\/\/www.obmep.org.br\/mapa_2afase.htm]\">Os estudantes podem verificar onde ser\u00e1 aplicada a prova na p\u00e1gina da Obmep.<\/a><br><\/p>\n\n\n\n<p>A Obmep \u00e9 voltada para estudantes do 6\u00ba ano do ensino fundamental ao 3\u00ba ano do ensino m\u00e9dio e premia separadamente alunos de escolas p\u00fablicas e privadas. Estudantes de escolas p\u00fablicas receber\u00e3o 6.500 medalhas, sendo 500 de ouro, 1,5 mil de prata e 4,5 mil, de bronze, al\u00e9m de 46,2 mil certificados de men\u00e7\u00e3o honrosa. J\u00e1 os alunos de escolas particulares receber\u00e3o 975 medalhas, sendo 75 ouros, 225 pratas e 675 bronzes, al\u00e9m de&nbsp; 5,7 mil certificados de men\u00e7\u00e3o honrosa.<\/p>\n\n\n\n<p>A Olimp\u00edada \u00e9 realizada pelo Instituto de Matem\u00e1tica Pura e Aplicada (Impa), em parceria com o Minist\u00e9rio da Educa\u00e7\u00e3o (MEC) e o Minist\u00e9rio da Ci\u00eancia, Tecnologia, Inova\u00e7\u00f5es e Comunica\u00e7\u00f5es (MCTIC). A Sociedade Brasileira de Matem\u00e1tica apoia a competi\u00e7\u00e3o. A divulga\u00e7\u00e3o dos vencedores est\u00e1 prevista para 3 de dezembro, segundo o Impa.<\/p>\n","protected":false},"excerpt":{"rendered":"<p>Cerca de 1 milh\u00e3o de alunos de escolas p\u00fablicas e privadas de todo o Brasil far\u00e3o amanh\u00e3 (28) a prova da segunda fase da Olimp\u00edada&hellip; <\/p>\n","protected":false},"author":1,"featured_media":121360,"comment_status":"closed","ping_status":"closed","sticky":false,"template":"","format":"standard","meta":{"sfsi_plus_gutenberg_text_before_share":"","sfsi_plus_gutenberg_show_text_before_share":"","sfsi_plus_gutenberg_icon_type":"","sfsi_plus_gutenberg_icon_alignemt":"","sfsi_plus_gutenburg_max_per_row":"","footnotes":""},"categories":[14],"tags":[],"class_list":["post-121356","post","type-post","status-publish","format-standard","has-post-thumbnail","hentry","category-educacao"],"_links":{"self":[{"href":"https:\/\/www.caririemacao.com\/1\/wp-json\/wp\/v2\/posts\/121356","targetHints":{"allow":["GET"]}}],"collection":[{"href":"https:\/\/www.caririemacao.com\/1\/wp-json\/wp\/v2\/posts"}],"about":[{"href":"https:\/\/www.caririemacao.com\/1\/wp-json\/wp\/v2\/types\/post"}],"author":[{"embeddable":true,"href":"https:\/\/www.caririemacao.com\/1\/wp-json\/wp\/v2\/users\/1"}],"replies":[{"embeddable":true,"href":"https:\/\/www.caririemacao.com\/1\/wp-json\/wp\/v2\/comments?post=121356"}],"version-history":[{"count":1,"href":"https:\/\/www.caririemacao.com\/1\/wp-json\/wp\/v2\/posts\/121356\/revisions"}],"predecessor-version":[{"id":121361,"href":"https:\/\/www.caririemacao.com\/1\/wp-json\/wp\/v2\/posts\/121356\/revisions\/121361"}],"wp:featuredmedia":[{"embeddable":true,"href":"https:\/\/www.caririemacao.com\/1\/wp-json\/wp\/v2\/media\/121360"}],"wp:attachment":[{"href":"https:\/\/www.caririemacao.com\/1\/wp-json\/wp\/v2\/media?parent=121356"}],"wp:term":[{"taxonomy":"category","embeddable":true,"href":"https:\/\/www.caririemacao.com\/1\/wp-json\/wp\/v2\/categories?post=121356"},{"taxonomy":"post_tag","embeddable":true,"href":"https:\/\/www.caririemacao.com\/1\/wp-json\/wp\/v2\/tags?post=121356"}],"curies":[{"name":"wp","href":"https:\/\/api.w.org\/{rel}","templated":true}]}}