{"id":121401,"date":"2019-09-28T00:40:46","date_gmt":"2019-09-28T03:40:46","guid":{"rendered":"http:\/\/www.caririemacao.com\/1\/?p=121401"},"modified":"2019-09-28T00:40:46","modified_gmt":"2019-09-28T03:40:46","slug":"lava-jato-pede-a-justica-que-lula-cumpra-pena-no-regime-semi-aberto","status":"publish","type":"post","link":"https:\/\/www.caririemacao.com\/1\/2019\/09\/28\/lava-jato-pede-a-justica-que-lula-cumpra-pena-no-regime-semi-aberto\/","title":{"rendered":"Lava-Jato pede \u00e0 Justi\u00e7a que Lula cumpra pena no regime semi-aberto"},"content":{"rendered":"\n<p>O Minist\u00e9rio P\u00fablico Federal (MPF) pediu \u00e0 Justi\u00e7a que o ex-presidente Luis In\u00e1cio Lula da Silva (PT) passe a cumprir pena em regime semi-aberto. A informa\u00e7\u00e3o \u00e9 da jornalista M\u00f4nica Bergamo, do jornal \u2018Folha de S\u00e3o Paulo\u2019.<\/p>\n\n\n\nSegundo a jornalista, procuradores da Lava-Jato acreditam que \u201co cumprimento da pena privativa de liberdade tem como pressuposto a sua execu\u00e7\u00e3o de forma progressiva\u201d. Lula j\u00e1 teria cumprido um sexto dela, e portanto j\u00e1 poderia cumprir a condena\u00e7\u00e3o em regime semiaberto.\n\nAinda segundo a reportagem, assinam o pedido, entre outros, os procuradores Deltan Dallagnol, Roberto Pozzobon e Laura Tessler. Eles afirmam que Lula tem bom comportamento carcer\u00e1rio e que portanto faz jus \u00e0 progress\u00e3o de regime.\n\nOs procuradores pedem que o ministro Edson Fachin, do STF (Supremo Tribunal Federal) seja comunicado do pedido no \u00e2mbito do habeas corpus que trata da suspei\u00e7\u00e3o de Sergio Moro na atua\u00e7\u00e3o dos processos em que o ex-presidente est\u00e1 envolvido. A defesa ter\u00e1 que se pronunciar.\n\n\n","protected":false},"excerpt":{"rendered":"<p>O Minist\u00e9rio P\u00fablico Federal (MPF) pediu \u00e0 Justi\u00e7a que o ex-presidente Luis In\u00e1cio Lula da Silva (PT) passe a cumprir pena em regime semi-aberto. A&hellip; <\/p>\n","protected":false},"author":1,"featured_media":112613,"comment_status":"closed","ping_status":"closed","sticky":false,"template":"","format":"standard","meta":{"sfsi_plus_gutenberg_text_before_share":"","sfsi_plus_gutenberg_show_text_before_share":"","sfsi_plus_gutenberg_icon_type":"","sfsi_plus_gutenberg_icon_alignemt":"","sfsi_plus_gutenburg_max_per_row":"","footnotes":""},"categories":[2],"tags":[],"class_list":["post-121401","post","type-post","status-publish","format-standard","has-post-thumbnail","hentry","category-geral"],"_links":{"self":[{"href":"https:\/\/www.caririemacao.com\/1\/wp-json\/wp\/v2\/posts\/121401","targetHints":{"allow":["GET"]}}],"collection":[{"href":"https:\/\/www.caririemacao.com\/1\/wp-json\/wp\/v2\/posts"}],"about":[{"href":"https:\/\/www.caririemacao.com\/1\/wp-json\/wp\/v2\/types\/post"}],"author":[{"embeddable":true,"href":"https:\/\/www.caririemacao.com\/1\/wp-json\/wp\/v2\/users\/1"}],"replies":[{"embeddable":true,"href":"https:\/\/www.caririemacao.com\/1\/wp-json\/wp\/v2\/comments?post=121401"}],"version-history":[{"count":1,"href":"https:\/\/www.caririemacao.com\/1\/wp-json\/wp\/v2\/posts\/121401\/revisions"}],"predecessor-version":[{"id":121402,"href":"https:\/\/www.caririemacao.com\/1\/wp-json\/wp\/v2\/posts\/121401\/revisions\/121402"}],"wp:featuredmedia":[{"embeddable":true,"href":"https:\/\/www.caririemacao.com\/1\/wp-json\/wp\/v2\/media\/112613"}],"wp:attachment":[{"href":"https:\/\/www.caririemacao.com\/1\/wp-json\/wp\/v2\/media?parent=121401"}],"wp:term":[{"taxonomy":"category","embeddable":true,"href":"https:\/\/www.caririemacao.com\/1\/wp-json\/wp\/v2\/categories?post=121401"},{"taxonomy":"post_tag","embeddable":true,"href":"https:\/\/www.caririemacao.com\/1\/wp-json\/wp\/v2\/tags?post=121401"}],"curies":[{"name":"wp","href":"https:\/\/api.w.org\/{rel}","templated":true}]}}