{"id":121403,"date":"2019-09-28T09:33:22","date_gmt":"2019-09-28T12:33:22","guid":{"rendered":"http:\/\/www.caririemacao.com\/1\/?p=121403"},"modified":"2019-09-28T10:25:59","modified_gmt":"2019-09-28T13:25:59","slug":"homem-e-assassinado-em-sume","status":"publish","type":"post","link":"https:\/\/www.caririemacao.com\/1\/2019\/09\/28\/homem-e-assassinado-em-sume\/","title":{"rendered":"Homem \u00e9 assassinado em Sum\u00e9"},"content":{"rendered":"\n<p>Foi registrado na manh\u00e3 deste sabado, dia 28, na cidade de Sum\u00e9 o assassinato de um homem de aproximadamente 68 anos.<\/p>\n\n\n\n<p>A v\u00edtima \u00e9 conhecida como Bartolomeu Siqueira Ara\u00fajo, conhecido como Roberto Pescador que residia no bairro do Carro Quebrado. Ele era natural de Sert\u00e2nia\/PE.<\/p>\n\n\n\n<p>A Pol\u00edcia Militar est\u00e1 isolando o local, aguardando o IML.<\/p>\n\n\n\n<p>Daqui a pouco mais informa\u00e7\u00f5es.<\/p>\n","protected":false},"excerpt":{"rendered":"<p>Foi registrado na manh\u00e3 deste sabado, dia 28, na cidade de Sum\u00e9 o assassinato de um homem de aproximadamente 68 anos. A v\u00edtima \u00e9 conhecida&hellip; <\/p>\n","protected":false},"author":1,"featured_media":121405,"comment_status":"closed","ping_status":"closed","sticky":false,"template":"","format":"standard","meta":{"sfsi_plus_gutenberg_text_before_share":"","sfsi_plus_gutenberg_show_text_before_share":"","sfsi_plus_gutenberg_icon_type":"","sfsi_plus_gutenberg_icon_alignemt":"","sfsi_plus_gutenburg_max_per_row":"","footnotes":""},"categories":[50,12],"tags":[],"class_list":["post-121403","post","type-post","status-publish","format-standard","has-post-thumbnail","hentry","category-destaque","category-policia"],"_links":{"self":[{"href":"https:\/\/www.caririemacao.com\/1\/wp-json\/wp\/v2\/posts\/121403","targetHints":{"allow":["GET"]}}],"collection":[{"href":"https:\/\/www.caririemacao.com\/1\/wp-json\/wp\/v2\/posts"}],"about":[{"href":"https:\/\/www.caririemacao.com\/1\/wp-json\/wp\/v2\/types\/post"}],"author":[{"embeddable":true,"href":"https:\/\/www.caririemacao.com\/1\/wp-json\/wp\/v2\/users\/1"}],"replies":[{"embeddable":true,"href":"https:\/\/www.caririemacao.com\/1\/wp-json\/wp\/v2\/comments?post=121403"}],"version-history":[{"count":2,"href":"https:\/\/www.caririemacao.com\/1\/wp-json\/wp\/v2\/posts\/121403\/revisions"}],"predecessor-version":[{"id":121407,"href":"https:\/\/www.caririemacao.com\/1\/wp-json\/wp\/v2\/posts\/121403\/revisions\/121407"}],"wp:featuredmedia":[{"embeddable":true,"href":"https:\/\/www.caririemacao.com\/1\/wp-json\/wp\/v2\/media\/121405"}],"wp:attachment":[{"href":"https:\/\/www.caririemacao.com\/1\/wp-json\/wp\/v2\/media?parent=121403"}],"wp:term":[{"taxonomy":"category","embeddable":true,"href":"https:\/\/www.caririemacao.com\/1\/wp-json\/wp\/v2\/categories?post=121403"},{"taxonomy":"post_tag","embeddable":true,"href":"https:\/\/www.caririemacao.com\/1\/wp-json\/wp\/v2\/tags?post=121403"}],"curies":[{"name":"wp","href":"https:\/\/api.w.org\/{rel}","templated":true}]}}